{"id":9013,"date":"2019-03-24T14:50:43","date_gmt":"2019-03-24T13:50:43","guid":{"rendered":"http:\/\/dmc-online.com\/wordpress\/?p=9013"},"modified":"2019-03-24T14:50:43","modified_gmt":"2019-03-24T13:50:43","slug":"sm-west-domenic-paul-und-oliver-kaufmann-siegen-auf-dem-eifel-ring","status":"publish","type":"post","link":"https:\/\/dmc-online.com\/wordpress\/sportkreis-west\/sm-west-domenic-paul-und-oliver-kaufmann-siegen-auf-dem-eifel-ring\/","title":{"rendered":"SM West: Domenic Paul und Oliver Kaufmann siegen auf dem Eifel-Ring"},"content":{"rendered":"<p>Auf dem Eifel-Ring des MAC Adenau sorgten 32 Teilnehmer f\u00fcr einen gl\u00e4nzenden Abschluss der Indoor-Saison 2018\/2019. Der zweite EG-Lauf zur Sportkreis-Meisterschaft West, der wie im Sportkreis West \u00fcblich in vorbildlicher Kombination mit dem dritten Lauf der Tonisport-Onroad-Series Division West ausgetragen wurde, bot bemerkenswerten spannenden und vor allem auffallend fairen Modellrennsport auf der anspruchsvollen 111-Meter-Bahn in Leimbach bei Adenau am N\u00fcrburgring. Von den f\u00fcnf ausgeschriebenen Klassen waren nur drei besetzt, Tourenwagen-Modified- und Formel-Piloten waren nicht am Start. Nach einem intensiv genutzten Zw\u00f6lf-Stunden-Trainingstag schickte Rennleiter und Zeitnehmer Uwe Baldes die Elektro-Racer am Rennsonntag zun\u00e4chst in ein Zeittraining, aus dem die Einteilung der Vorlaufgruppen resultierte.<\/p>\n<p><a href=\"https:\/\/dmc-online.com\/wordpress\/sportkreis-west\/sm-west-domenic-paul-und-oliver-kaufmann-siegen-auf-dem-eifel-ring\/attachment\/mac-adenau-tos-smw-190317-ms-003\/\" rel=\"attachment wp-att-9016\"><img loading=\"lazy\" class=\"alignleft size-medium wp-image-9016\" src=\"https:\/\/dmc-online.org\/wordpress\/wp-content\/uploads\/2019\/03\/MAC-Adenau-TOS-SMW-190317-MS-003-300x225.jpeg\" alt=\"MAC Adenau TOS SMW 190317 MS 003\" width=\"300\" height=\"225\" srcset=\"https:\/\/dmc-online.com\/wordpress\/wp-content\/uploads\/2019\/03\/MAC-Adenau-TOS-SMW-190317-MS-003-300x225.jpeg 300w, https:\/\/dmc-online.com\/wordpress\/wp-content\/uploads\/2019\/03\/MAC-Adenau-TOS-SMW-190317-MS-003-768x576.jpeg 768w, https:\/\/dmc-online.com\/wordpress\/wp-content\/uploads\/2019\/03\/MAC-Adenau-TOS-SMW-190317-MS-003-1024x768.jpeg 1024w, https:\/\/dmc-online.com\/wordpress\/wp-content\/uploads\/2019\/03\/MAC-Adenau-TOS-SMW-190317-MS-003-624x468.jpeg 624w, https:\/\/dmc-online.com\/wordpress\/wp-content\/uploads\/2019\/03\/MAC-Adenau-TOS-SMW-190317-MS-003.jpeg 1600w\" sizes=\"(max-width: 300px) 100vw, 300px\" \/><\/a>In der mit 16 Teilnehmern st\u00e4rksten Klasse Tourenwagen Stock mit 13.5T (EGTWSP) eroberte Domenic Paul (RC Cars Bergisch Born) in beeindruckender Manier die Pole-Position, obwohl er das Training am Samstag ausgelassen hatte. Sebastian Meib\u00f6rg qualifizierte sich als Zweiter vor Fabian Nitschke vom MAC Meckenheim und J\u00f6rg Baldes vom MSC Adenau f\u00fcr die Finalrennen. Mit seinem Awesomatix beherrschte Domenic Paul die Konkurrenz in allen drei Finall\u00e4ufen. Der zweite Rang auf dem Treppchen ging an Fabian Nitschke, der mit seinem Mugen in allen drei Finals Zweiter wurde. Xray-Pilot Dennis Miether (AMC Langenfeld) komplettierte das Podium nach zwei dritten Pl\u00e4tzen. Der Nachwuchs gl\u00e4nzte nicht nur durch den Sieg des 17-j\u00e4hrigen Domenic Paul, sondern auch durch den 12-j\u00e4hrigen Niederl\u00e4nder Roel Jongenelis (Racing Arena Limburg), der mit seinem Xray das B-Finale vor Ingo Braun (RMC D\u00fcren\/Mugen) gewann, und durch den erst achtj\u00e4hrigen Thilo Baldes (MSC Adenau\/Xray), der nach einer starken Vorstellung im C-Finale und einem Laufsieg nur knapp Remco Mutsaerts (Jamutsi Racing\/Xray) unterlag.<\/p>\n<p><a href=\"https:\/\/dmc-online.com\/wordpress\/sportkreis-west\/sm-west-domenic-paul-und-oliver-kaufmann-siegen-auf-dem-eifel-ring\/attachment\/mac-adenau-tos-smw-190317-ms-005\/\" rel=\"attachment wp-att-9017\"><img loading=\"lazy\" class=\"alignleft size-medium wp-image-9017\" src=\"https:\/\/dmc-online.org\/wordpress\/wp-content\/uploads\/2019\/03\/MAC-Adenau-TOS-SMW-190317-MS-005-300x225.jpeg\" alt=\"MAC Adenau TOS SMW 190317 MS 005\" width=\"300\" height=\"225\" srcset=\"https:\/\/dmc-online.com\/wordpress\/wp-content\/uploads\/2019\/03\/MAC-Adenau-TOS-SMW-190317-MS-005-300x225.jpeg 300w, https:\/\/dmc-online.com\/wordpress\/wp-content\/uploads\/2019\/03\/MAC-Adenau-TOS-SMW-190317-MS-005-768x576.jpeg 768w, https:\/\/dmc-online.com\/wordpress\/wp-content\/uploads\/2019\/03\/MAC-Adenau-TOS-SMW-190317-MS-005-1024x768.jpeg 1024w, https:\/\/dmc-online.com\/wordpress\/wp-content\/uploads\/2019\/03\/MAC-Adenau-TOS-SMW-190317-MS-005-624x468.jpeg 624w, https:\/\/dmc-online.com\/wordpress\/wp-content\/uploads\/2019\/03\/MAC-Adenau-TOS-SMW-190317-MS-005.jpeg 1600w\" sizes=\"(max-width: 300px) 100vw, 300px\" \/><\/a>Nur vier Fahrer ging in der Tourenwagen-Fun-Klasse mit 17.5T (EGTWHO) an den Start. Oliver Kaufmann (MAC Meckenheim) dominierte die Vorl\u00e4ufe und die Finalrennen eindeutig. Auf dem Siegerpodest standen schlie\u00dflich Achim Tramm (Yokomo) als Zweiter und J\u00fcrgen Bohlig (Xray) vom MCC Hocheifel als Dritter neben dem Routinier.<\/p>\n<p><a href=\"https:\/\/dmc-online.com\/wordpress\/sportkreis-west\/sm-west-domenic-paul-und-oliver-kaufmann-siegen-auf-dem-eifel-ring\/attachment\/mac-adenau-tos-smw-190317-ms-001\/\" rel=\"attachment wp-att-9015\"><img loading=\"lazy\" class=\"alignleft size-medium wp-image-9015\" src=\"https:\/\/dmc-online.org\/wordpress\/wp-content\/uploads\/2019\/03\/MAC-Adenau-TOS-SMW-190317-MS-001-300x225.jpeg\" alt=\"MAC Adenau TOS SMW 190317 MS 001\" width=\"300\" height=\"225\" srcset=\"https:\/\/dmc-online.com\/wordpress\/wp-content\/uploads\/2019\/03\/MAC-Adenau-TOS-SMW-190317-MS-001-300x225.jpeg 300w, https:\/\/dmc-online.com\/wordpress\/wp-content\/uploads\/2019\/03\/MAC-Adenau-TOS-SMW-190317-MS-001-768x576.jpeg 768w, https:\/\/dmc-online.com\/wordpress\/wp-content\/uploads\/2019\/03\/MAC-Adenau-TOS-SMW-190317-MS-001-1024x768.jpeg 1024w, https:\/\/dmc-online.com\/wordpress\/wp-content\/uploads\/2019\/03\/MAC-Adenau-TOS-SMW-190317-MS-001-624x468.jpeg 624w, https:\/\/dmc-online.com\/wordpress\/wp-content\/uploads\/2019\/03\/MAC-Adenau-TOS-SMW-190317-MS-001.jpeg 1600w\" sizes=\"(max-width: 300px) 100vw, 300px\" \/><\/a>Die aufstrebende Klasse der frontgetriebenen Tourenwagen FWD\/Fronties war mit zw\u00f6lf Startern auch beim MAC Adenau gut vertreten, die nicht nur f\u00fcr einen optischen Leckerbissen, sondern auch f\u00fcr die spannendsten Rennen des Tages sorgten. Destiny-Fahrer Oliver Kaufmann setzte sich in einem spannenden Kampf um die Vorlaufbestzeit gegen die beiden Xray-Piloten Jacques Libar (Team SMI Siegen) und Harald Schmittgen (MAC Meckenheim) durch. Was vor allem Oliver Kaufmann und Jacques Libar in den Finalrennen zeigten, sorgte f\u00fcr lautstarke Begeisterung rund um den Eifel-Ring. Was immer Jacques Libar auch im ersten Finale versuchte, er kam einfach nicht am fehlerfrei fahrenden Oliver Kaufmann vorbei und musste sich knapp geschlagen geben. Im zweiten Finale verbremste sich Kaufmann nach wenigen Runden, Jacques Libar nutze die herbeigesehnte Situation zur F\u00fchrung, bis er mit seinem T4F auf der Geraden die Streckenbegrenzung ber\u00fchrte und sich \u00fcberschlug, was wiederum Kaufmann als Geschenk gerne annahm. Im Ziel musste sich Libar nur um 15 Tausendstelsekunden gegen Kaufmann geschlagen werden. Im dritten Finale beobachtete Kaufmann als Streckenposten das Duell der Libar-Br\u00fcder Jacques und Laurent, die in dieser Reihenfolge auch die ersten beiden Pl\u00e4tze belegten. Damit sicherte sich Laurent Libar auch den dritten Platz auf dem Podium vor Frank Hoeschler (MAC Meckenheim\/Xray) und Harald Schmittgen. Im B-Finale setzte sich Georg von Jeetze (MAC Meckenheim) gegen Raymond Libar (Xray) durch.<\/p>\n<p><a href=\"https:\/\/dmc-online.com\/wordpress\/terminuploads\/1552909544_190317_MAC_Adenau_-_TOS_SMW_-_Finalrangliste.pdf\" target=\"_blank\">Link zum Ergebnis<\/a><\/p>\n<p><a href=\"https:\/\/dmc-online.com\/wordpress\/sportkreis-west\/sm-west-domenic-paul-und-oliver-kaufmann-siegen-auf-dem-eifel-ring\/attachment\/mac-adenau-tos-smw-ub-009\/\" rel=\"attachment wp-att-9021\"><img loading=\"lazy\" class=\"alignleft size-medium wp-image-9021\" src=\"https:\/\/dmc-online.org\/wordpress\/wp-content\/uploads\/2019\/03\/MAC-Adenau-TOS-SMW-UB-009--300x225.jpg\" alt=\"MAC Adenau TOS SMW UB 009\" width=\"300\" height=\"225\" srcset=\"https:\/\/dmc-online.com\/wordpress\/wp-content\/uploads\/2019\/03\/MAC-Adenau-TOS-SMW-UB-009--300x225.jpg 300w, https:\/\/dmc-online.com\/wordpress\/wp-content\/uploads\/2019\/03\/MAC-Adenau-TOS-SMW-UB-009--768x576.jpg 768w, https:\/\/dmc-online.com\/wordpress\/wp-content\/uploads\/2019\/03\/MAC-Adenau-TOS-SMW-UB-009--1024x768.jpg 1024w, https:\/\/dmc-online.com\/wordpress\/wp-content\/uploads\/2019\/03\/MAC-Adenau-TOS-SMW-UB-009--624x468.jpg 624w\" sizes=\"(max-width: 300px) 100vw, 300px\" \/><\/a> <a href=\"https:\/\/dmc-online.com\/wordpress\/sportkreis-west\/sm-west-domenic-paul-und-oliver-kaufmann-siegen-auf-dem-eifel-ring\/attachment\/mac-adenau-tos-smw-ub-007\/\" rel=\"attachment wp-att-9020\"><img loading=\"lazy\" class=\"alignleft size-medium wp-image-9020\" src=\"https:\/\/dmc-online.org\/wordpress\/wp-content\/uploads\/2019\/03\/MAC-Adenau-TOS-SMW-UB-007--300x225.jpg\" alt=\"MAC Adenau TOS SMW UB 007\" width=\"300\" height=\"225\" srcset=\"https:\/\/dmc-online.com\/wordpress\/wp-content\/uploads\/2019\/03\/MAC-Adenau-TOS-SMW-UB-007--300x225.jpg 300w, https:\/\/dmc-online.com\/wordpress\/wp-content\/uploads\/2019\/03\/MAC-Adenau-TOS-SMW-UB-007--768x576.jpg 768w, https:\/\/dmc-online.com\/wordpress\/wp-content\/uploads\/2019\/03\/MAC-Adenau-TOS-SMW-UB-007--1024x768.jpg 1024w, https:\/\/dmc-online.com\/wordpress\/wp-content\/uploads\/2019\/03\/MAC-Adenau-TOS-SMW-UB-007--624x468.jpg 624w\" sizes=\"(max-width: 300px) 100vw, 300px\" \/><\/a> <a href=\"https:\/\/dmc-online.com\/wordpress\/sportkreis-west\/sm-west-domenic-paul-und-oliver-kaufmann-siegen-auf-dem-eifel-ring\/attachment\/mac-adenau-tos-smw-ub-006\/\" rel=\"attachment wp-att-9019\"><img loading=\"lazy\" class=\"alignleft size-medium wp-image-9019\" src=\"https:\/\/dmc-online.org\/wordpress\/wp-content\/uploads\/2019\/03\/MAC-Adenau-TOS-SMW-UB-006--300x225.jpg\" alt=\"MAC Adenau TOS SMW UB 006\" width=\"300\" height=\"225\" srcset=\"https:\/\/dmc-online.com\/wordpress\/wp-content\/uploads\/2019\/03\/MAC-Adenau-TOS-SMW-UB-006--300x225.jpg 300w, https:\/\/dmc-online.com\/wordpress\/wp-content\/uploads\/2019\/03\/MAC-Adenau-TOS-SMW-UB-006--768x576.jpg 768w, https:\/\/dmc-online.com\/wordpress\/wp-content\/uploads\/2019\/03\/MAC-Adenau-TOS-SMW-UB-006--1024x768.jpg 1024w, https:\/\/dmc-online.com\/wordpress\/wp-content\/uploads\/2019\/03\/MAC-Adenau-TOS-SMW-UB-006--624x468.jpg 624w\" sizes=\"(max-width: 300px) 100vw, 300px\" \/><\/a> <a href=\"https:\/\/dmc-online.com\/wordpress\/sportkreis-west\/sm-west-domenic-paul-und-oliver-kaufmann-siegen-auf-dem-eifel-ring\/attachment\/mac-adenau-tos-smw-ub-010\/\" rel=\"attachment wp-att-9022\"><img loading=\"lazy\" class=\"alignleft size-medium wp-image-9022\" src=\"https:\/\/dmc-online.org\/wordpress\/wp-content\/uploads\/2019\/03\/MAC-Adenau-TOS-SMW-UB-010--300x225.jpg\" alt=\"MAC Adenau TOS SMW UB 010\" width=\"300\" height=\"225\" srcset=\"https:\/\/dmc-online.com\/wordpress\/wp-content\/uploads\/2019\/03\/MAC-Adenau-TOS-SMW-UB-010--300x225.jpg 300w, https:\/\/dmc-online.com\/wordpress\/wp-content\/uploads\/2019\/03\/MAC-Adenau-TOS-SMW-UB-010--768x576.jpg 768w, https:\/\/dmc-online.com\/wordpress\/wp-content\/uploads\/2019\/03\/MAC-Adenau-TOS-SMW-UB-010--1024x768.jpg 1024w, https:\/\/dmc-online.com\/wordpress\/wp-content\/uploads\/2019\/03\/MAC-Adenau-TOS-SMW-UB-010--624x468.jpg 624w\" sizes=\"(max-width: 300px) 100vw, 300px\" \/><\/a> <a href=\"https:\/\/dmc-online.com\/wordpress\/sportkreis-west\/sm-west-domenic-paul-und-oliver-kaufmann-siegen-auf-dem-eifel-ring\/attachment\/mac-adenau-tos-smw-ub-015\/\" rel=\"attachment wp-att-9023\"><img loading=\"lazy\" class=\"alignleft size-medium wp-image-9023\" src=\"https:\/\/dmc-online.org\/wordpress\/wp-content\/uploads\/2019\/03\/MAC-Adenau-TOS-SMW-UB-015--300x225.jpg\" alt=\"MAC Adenau TOS SMW UB 015\" width=\"300\" height=\"225\" srcset=\"https:\/\/dmc-online.com\/wordpress\/wp-content\/uploads\/2019\/03\/MAC-Adenau-TOS-SMW-UB-015--300x225.jpg 300w, https:\/\/dmc-online.com\/wordpress\/wp-content\/uploads\/2019\/03\/MAC-Adenau-TOS-SMW-UB-015--768x576.jpg 768w, https:\/\/dmc-online.com\/wordpress\/wp-content\/uploads\/2019\/03\/MAC-Adenau-TOS-SMW-UB-015--1024x768.jpg 1024w, https:\/\/dmc-online.com\/wordpress\/wp-content\/uploads\/2019\/03\/MAC-Adenau-TOS-SMW-UB-015--624x468.jpg 624w\" sizes=\"(max-width: 300px) 100vw, 300px\" \/><\/a> <a href=\"https:\/\/dmc-online.com\/wordpress\/sportkreis-west\/sm-west-domenic-paul-und-oliver-kaufmann-siegen-auf-dem-eifel-ring\/attachment\/mac-adenau-tos-smw-ub-001\/\" rel=\"attachment wp-att-9018\"><img loading=\"lazy\" class=\"alignleft size-medium wp-image-9018\" src=\"https:\/\/dmc-online.org\/wordpress\/wp-content\/uploads\/2019\/03\/MAC-Adenau-TOS-SMW-UB-001--300x225.jpg\" alt=\"MAC Adenau TOS SMW UB 001\" width=\"300\" height=\"225\" srcset=\"https:\/\/dmc-online.com\/wordpress\/wp-content\/uploads\/2019\/03\/MAC-Adenau-TOS-SMW-UB-001--300x225.jpg 300w, https:\/\/dmc-online.com\/wordpress\/wp-content\/uploads\/2019\/03\/MAC-Adenau-TOS-SMW-UB-001--768x576.jpg 768w, https:\/\/dmc-online.com\/wordpress\/wp-content\/uploads\/2019\/03\/MAC-Adenau-TOS-SMW-UB-001--1024x768.jpg 1024w, https:\/\/dmc-online.com\/wordpress\/wp-content\/uploads\/2019\/03\/MAC-Adenau-TOS-SMW-UB-001--624x468.jpg 624w\" sizes=\"(max-width: 300px) 100vw, 300px\" \/><\/a><\/p>\n","protected":false},"excerpt":{"rendered":"<p>Auf dem Eifel-Ring des MAC Adenau sorgten 32 Teilnehmer f\u00fcr einen gl\u00e4nzenden Abschluss der Indoor-Saison 2018\/2019. Der zweite EG-Lauf zur Sportkreis-Meisterschaft West, der wie im Sportkreis West \u00fcblich in vorbildlicher Kombination mit dem dritten Lauf der Tonisport-Onroad-Series Division West ausgetragen wurde, bot bemerkenswerten spannenden und vor allem auffallend fairen Modellrennsport auf der anspruchsvollen 111-Meter-Bahn in [&hellip;]<\/p>\n","protected":false},"author":22,"featured_media":0,"comment_status":"closed","ping_status":"open","sticky":false,"template":"","format":"standard","meta":[],"categories":[129,30,12],"tags":[],"_links":{"self":[{"href":"https:\/\/dmc-online.com\/wordpress\/wp-json\/wp\/v2\/posts\/9013"}],"collection":[{"href":"https:\/\/dmc-online.com\/wordpress\/wp-json\/wp\/v2\/posts"}],"about":[{"href":"https:\/\/dmc-online.com\/wordpress\/wp-json\/wp\/v2\/types\/post"}],"author":[{"embeddable":true,"href":"https:\/\/dmc-online.com\/wordpress\/wp-json\/wp\/v2\/users\/22"}],"replies":[{"embeddable":true,"href":"https:\/\/dmc-online.com\/wordpress\/wp-json\/wp\/v2\/comments?post=9013"}],"version-history":[{"count":3,"href":"https:\/\/dmc-online.com\/wordpress\/wp-json\/wp\/v2\/posts\/9013\/revisions"}],"predecessor-version":[{"id":9025,"href":"https:\/\/dmc-online.com\/wordpress\/wp-json\/wp\/v2\/posts\/9013\/revisions\/9025"}],"wp:attachment":[{"href":"https:\/\/dmc-online.com\/wordpress\/wp-json\/wp\/v2\/media?parent=9013"}],"wp:term":[{"taxonomy":"category","embeddable":true,"href":"https:\/\/dmc-online.com\/wordpress\/wp-json\/wp\/v2\/categories?post=9013"},{"taxonomy":"post_tag","embeddable":true,"href":"https:\/\/dmc-online.com\/wordpress\/wp-json\/wp\/v2\/tags?post=9013"}],"curies":[{"name":"wp","href":"https:\/\/api.w.org\/{rel}","templated":true}]}}