{"id":8841,"date":"2019-02-02T13:06:10","date_gmt":"2019-02-02T12:06:10","guid":{"rendered":"http:\/\/dmc-online.com\/wordpress\/?p=8841"},"modified":"2019-02-02T13:06:10","modified_gmt":"2019-02-02T12:06:10","slug":"arena33-mit-112-er-action-ins-neue-jahr","status":"publish","type":"post","link":"https:\/\/dmc-online.com\/wordpress\/sportkreis-west\/arena33-mit-112-er-action-ins-neue-jahr\/","title":{"rendered":"Arena33: Mit 1\/12-er Action ins neue Jahr"},"content":{"rendered":"<p>Packendes 1\/12-er Racing er\u00f6ffnete die Saison 2019 in der Arena33 in Andernach. Beim dritten Lauf zur Arena 1\/12 League gleich am ersten Januar-Wochenende gab es beim MAC Andernach auch DMC-Punkte f\u00fcr die nationalen Ranglisten (EA, EB, EC) sowie f\u00fcr die Sportkreis-Meisterschaften Mitte und West zu verdienen. Insgesamt hatten 71 Fahrer aus sieben Nationen ihre Nennungen abgegeben.<\/p>\n<div id=\"attachment_8850\" style=\"width: 310px\" class=\"wp-caption alignleft\"><a href=\"https:\/\/dmc-online.com\/wordpress\/sportkreis-west\/arena33-mit-112-er-action-ins-neue-jahr\/attachment\/andernach-arena33-a12r3-190106-018\/\" rel=\"attachment wp-att-8850\"><img aria-describedby=\"caption-attachment-8850\" loading=\"lazy\" class=\"size-medium wp-image-8850\" src=\"https:\/\/dmc-online.org\/wordpress\/wp-content\/uploads\/2019\/02\/Andernach-Arena33-A12R3-190106-018-300x225.jpg\" alt=\"Die Strecke der Arena33 mit Fahrerstand\" width=\"300\" height=\"225\" srcset=\"https:\/\/dmc-online.com\/wordpress\/wp-content\/uploads\/2019\/02\/Andernach-Arena33-A12R3-190106-018-300x225.jpg 300w, https:\/\/dmc-online.com\/wordpress\/wp-content\/uploads\/2019\/02\/Andernach-Arena33-A12R3-190106-018-768x576.jpg 768w, https:\/\/dmc-online.com\/wordpress\/wp-content\/uploads\/2019\/02\/Andernach-Arena33-A12R3-190106-018-624x468.jpg 624w, https:\/\/dmc-online.com\/wordpress\/wp-content\/uploads\/2019\/02\/Andernach-Arena33-A12R3-190106-018.jpg 992w\" sizes=\"(max-width: 300px) 100vw, 300px\" \/><\/a><p id=\"caption-attachment-8850\" class=\"wp-caption-text\">Die Strecke der Arena33 mit Fahrerstand<\/p><\/div>\n<p>Nachdem zahlreiche Fahrer bereits am Freitag intensive Tests absolviert hatten, begann der Event offiziell am Samstagmorgen mit freiem und kontrolliertem Training in Gruppen, am Nachmittag folgten die drei ersten von vier Vorl\u00e4ufen. Der vierte Vorlauf wurde am Sonntagmorgen nach einem kurzen Trainingsdurchgang ausgetragen, anschlie\u00dfend ging es in drei Finaldurchg\u00e4ngen um Siege und Punkte. Die 1\/12-Piloten erwiesen sich als disziplinierte und faire Teilnehmer, so dass Uwe Baldes auch in der Dreifach-Rolle als Rennleiter, Zeitnehmer und Sprecher keine gro\u00dfe M\u00fche hatte. Zudem sollte auch das bew\u00e4hrte Arena33-Team f\u00fcr einen angenehmen Wohlf\u00fchlfaktor aller Teilnehmer.<\/p>\n<div id=\"attachment_8848\" style=\"width: 310px\" class=\"wp-caption alignleft\"><a href=\"https:\/\/dmc-online.com\/wordpress\/sportkreis-west\/arena33-mit-112-er-action-ins-neue-jahr\/attachment\/andernach-arena33-a12r3-190106-012\/\" rel=\"attachment wp-att-8848\"><img aria-describedby=\"caption-attachment-8848\" loading=\"lazy\" class=\"size-medium wp-image-8848\" src=\"https:\/\/dmc-online.org\/wordpress\/wp-content\/uploads\/2019\/02\/Andernach-Arena33-A12R3-190106-012-300x225.jpg\" alt=\"Modified-Podium: Kjellerup, Libar, Paine, Mobers (l-r)\" width=\"300\" height=\"225\" srcset=\"https:\/\/dmc-online.com\/wordpress\/wp-content\/uploads\/2019\/02\/Andernach-Arena33-A12R3-190106-012-300x225.jpg 300w, https:\/\/dmc-online.com\/wordpress\/wp-content\/uploads\/2019\/02\/Andernach-Arena33-A12R3-190106-012-768x576.jpg 768w, https:\/\/dmc-online.com\/wordpress\/wp-content\/uploads\/2019\/02\/Andernach-Arena33-A12R3-190106-012-624x468.jpg 624w, https:\/\/dmc-online.com\/wordpress\/wp-content\/uploads\/2019\/02\/Andernach-Arena33-A12R3-190106-012.jpg 992w\" sizes=\"(max-width: 300px) 100vw, 300px\" \/><\/a><p id=\"caption-attachment-8848\" class=\"wp-caption-text\">Modified-Podium: Kjellerup, Libar, Paine, Mobers (l-r)<\/p><\/div>\n<p>Mann des Wochenendes auf dem anspruchsvollen Arena33-Kurs war der Brite Oliver Paine, der sowohl in Modified (EA) als auch in Stock (EB) in seiner eigenen Welt fuhr. In Modified setzte sich der Roche-Pilot in den Vorl\u00e4ufen gegen Markus Mobers (MAC Walsum) und den Schweden Markus Hellquist durch. Das erste A-Finale gewann Paine mit einer Runde Vorsprung vor Mobers und Hellquist (Xray), das zweite sogar mit zwei Runden Vorsprung vor Jacques Libar (Team SMI Siegen) und Hellquist, so dass er fr\u00fchzeitig als Sieger feststand und zum dritten Finale nicht mehr antrat. Das abschlie\u00dfende Finale gewann Mobers mit vier Sekunden Vorsprung vor seinem Roche-Teamkollegen Libar. Damit sicherte sich \u201e1\/12-Altmeister\u201c Mobers nicht nur den zweiten Gesamtrang in Modified, sondern auch die volle DMC-Punktezahl vor dem Gesamtdritten Libar. Das B-Finale ging an den D\u00e4nen Rene Kjellerup (Infinity) vor Stefan K\u00f6hler (MAG Visselh\u00f6vede\/Schumacher).<\/p>\n<div id=\"attachment_8847\" style=\"width: 310px\" class=\"wp-caption alignleft\"><a href=\"https:\/\/dmc-online.com\/wordpress\/sportkreis-west\/arena33-mit-112-er-action-ins-neue-jahr\/attachment\/andernach-arena33-a12r3-190106-009\/\" rel=\"attachment wp-att-8847\"><img aria-describedby=\"caption-attachment-8847\" loading=\"lazy\" class=\"size-medium wp-image-8847\" src=\"https:\/\/dmc-online.org\/wordpress\/wp-content\/uploads\/2019\/02\/Andernach-Arena33-A12R3-190106-009-300x225.jpg\" alt=\"Stock-Podium: Hinz, Libar, Paine, Rheinard, Albrechtsen, Dewald (l-r)\" width=\"300\" height=\"225\" srcset=\"https:\/\/dmc-online.com\/wordpress\/wp-content\/uploads\/2019\/02\/Andernach-Arena33-A12R3-190106-009-300x225.jpg 300w, https:\/\/dmc-online.com\/wordpress\/wp-content\/uploads\/2019\/02\/Andernach-Arena33-A12R3-190106-009-768x576.jpg 768w, https:\/\/dmc-online.com\/wordpress\/wp-content\/uploads\/2019\/02\/Andernach-Arena33-A12R3-190106-009-624x468.jpg 624w, https:\/\/dmc-online.com\/wordpress\/wp-content\/uploads\/2019\/02\/Andernach-Arena33-A12R3-190106-009.jpg 992w\" sizes=\"(max-width: 300px) 100vw, 300px\" \/><\/a><p id=\"caption-attachment-8847\" class=\"wp-caption-text\">Stock-Podium: Barth, Libar, Paine, Rheinard, Albrechtsen, Dewald (l-r)<\/p><\/div>\n<p>Das gleiche Bild lieferte die Stock-Klasse: Oliver Paine brillierte mit seinem Roche in den Vorl\u00e4ufen ebenso wie in den beiden ersten Finalen, das dritte lie\u00df er wiederum aus. Und wieder gewann er die beiden Finals mit Rundenvorsprung \u2013 seine Vorstellung war mehr als eindrucksvoll. Ebenso eindrucksvoll war aber auch die Leistung von Toni Rheinard (MAC Andernach). Der ehemalige Deutsche Tourenwagen-Meister greift nur noch selten zur Fernsteuerung, und in 1\/12 ist er eigentlich nicht zuhause. Umso bemerkenswerter war sein zweiter Platz nach den Vorl\u00e4ufen. Auch in den ersten beiden Finaldurchg\u00e4ngen steuerte e seinen Roche jeweils auf Rang zwei, das dritte Finale gewann er deutlich. Als Gesamtzweiter eroberte Toni Rheinard die vollen DMC-Punkte vor Jacques Liber, der als Doppelstarter wie Paine gleich zweimal auf dem Podium landete. Das B-Finale ging an den D\u00e4nen Patrick Albrechtsen (Xray), das C-Finale an Heinz Dewald (ORC Essen\/Xray) und das D-Finale an Oliver Barth (MAC H\u00fctschenhausen\/Godspeed).<\/p>\n<div id=\"attachment_8846\" style=\"width: 310px\" class=\"wp-caption alignleft\"><a href=\"https:\/\/dmc-online.com\/wordpress\/sportkreis-west\/arena33-mit-112-er-action-ins-neue-jahr\/attachment\/andernach-arena33-a12r3-190106-007\/\" rel=\"attachment wp-att-8846\"><img aria-describedby=\"caption-attachment-8846\" loading=\"lazy\" class=\"size-medium wp-image-8846\" src=\"https:\/\/dmc-online.org\/wordpress\/wp-content\/uploads\/2019\/02\/Andernach-Arena33-A12R3-190106-007-300x225.jpg\" alt=\"GT-Podium: Hinz, Nitschke, Schobers, Gersdorff (l-r)\" width=\"300\" height=\"225\" srcset=\"https:\/\/dmc-online.com\/wordpress\/wp-content\/uploads\/2019\/02\/Andernach-Arena33-A12R3-190106-007-300x225.jpg 300w, https:\/\/dmc-online.com\/wordpress\/wp-content\/uploads\/2019\/02\/Andernach-Arena33-A12R3-190106-007-768x576.jpg 768w, https:\/\/dmc-online.com\/wordpress\/wp-content\/uploads\/2019\/02\/Andernach-Arena33-A12R3-190106-007-624x468.jpg 624w, https:\/\/dmc-online.com\/wordpress\/wp-content\/uploads\/2019\/02\/Andernach-Arena33-A12R3-190106-007.jpg 992w\" sizes=\"(max-width: 300px) 100vw, 300px\" \/><\/a><p id=\"caption-attachment-8846\" class=\"wp-caption-text\">GT-Podium: Hinz, Nitschke, Schobers, Gersdorff (l-r)<\/p><\/div>\n<p>In der 1\/12 GT-Klasse (EC) erk\u00e4mpfte Haroun Schobner (MSV Linsengericht) die Pole-Position vor Ivo Gersdorff (MFR Rheinhessen-Pfalz\/Zen Racing) und Christian Krieg-Eich (MFR Rheinhessen-Pfalz\/Zen Racing). Godspeed-Pilot Schobner setzte sich in allen drei Finalen klar durch und feierte einen blitzsauberen Gesamtsieg, verbunden mit vollen DMC-Punkten. Gersdorff kletterte als Gesamtzweiter auf das Siegerpodest, auf dem dritten Rang landete Fabian Nitschke (MAC Meckenheim\/Xray), der als Vorlauf-Sechster die Finals in Angriff genommen hatte. Das B-Finale der zunehmend beliebter werdenden GT-Klasse ging an Xray-Pilot Niklas Hinz vom ORC Essen.<\/p>\n<p><a href=\"https:\/\/dmc-online.com\/wordpress\/terminuploads\/1547551991_Finalrangliste.pdf\" target=\"_blank\">Ergebnis <\/a><\/p>\n<div id=\"attachment_8853\" style=\"width: 310px\" class=\"wp-caption alignleft\"><a href=\"https:\/\/dmc-online.com\/wordpress\/sportkreis-west\/arena33-mit-112-er-action-ins-neue-jahr\/attachment\/andernach-arena33-a12r3-190106-045\/\" rel=\"attachment wp-att-8853\"><img aria-describedby=\"caption-attachment-8853\" loading=\"lazy\" class=\"size-medium wp-image-8853\" src=\"https:\/\/dmc-online.org\/wordpress\/wp-content\/uploads\/2019\/02\/Andernach-Arena33-A12R3-190106-045-300x225.jpg\" alt=\"Innovation durch RCM: Rundenzeiten-Ausdruck sofort nach Laufende, Auswahl \u00fcber QR-Code.\" width=\"300\" height=\"225\" srcset=\"https:\/\/dmc-online.com\/wordpress\/wp-content\/uploads\/2019\/02\/Andernach-Arena33-A12R3-190106-045-300x225.jpg 300w, https:\/\/dmc-online.com\/wordpress\/wp-content\/uploads\/2019\/02\/Andernach-Arena33-A12R3-190106-045-768x576.jpg 768w, https:\/\/dmc-online.com\/wordpress\/wp-content\/uploads\/2019\/02\/Andernach-Arena33-A12R3-190106-045-1024x768.jpg 1024w, https:\/\/dmc-online.com\/wordpress\/wp-content\/uploads\/2019\/02\/Andernach-Arena33-A12R3-190106-045-624x468.jpg 624w\" sizes=\"(max-width: 300px) 100vw, 300px\" \/><\/a><p id=\"caption-attachment-8853\" class=\"wp-caption-text\">Innovation durch RCM: Rundenzeiten-Ausdruck sofort nach Laufende, Auswahl \u00fcber QR-Code.<\/p><\/div>\n<div id=\"attachment_8857\" style=\"width: 310px\" class=\"wp-caption alignleft\"><a href=\"https:\/\/dmc-online.com\/wordpress\/sportkreis-west\/arena33-mit-112-er-action-ins-neue-jahr\/attachment\/andernach-arena33-a12r3-190106-065\/\" rel=\"attachment wp-att-8857\"><img aria-describedby=\"caption-attachment-8857\" loading=\"lazy\" class=\"size-medium wp-image-8857\" src=\"https:\/\/dmc-online.org\/wordpress\/wp-content\/uploads\/2019\/02\/Andernach-Arena33-A12R3-190106-065-300x225.jpg\" alt=\"Zeitnahme mit RCM Ultimate und LIve-Timing\" width=\"300\" height=\"225\" srcset=\"https:\/\/dmc-online.com\/wordpress\/wp-content\/uploads\/2019\/02\/Andernach-Arena33-A12R3-190106-065-300x225.jpg 300w, https:\/\/dmc-online.com\/wordpress\/wp-content\/uploads\/2019\/02\/Andernach-Arena33-A12R3-190106-065-768x576.jpg 768w, https:\/\/dmc-online.com\/wordpress\/wp-content\/uploads\/2019\/02\/Andernach-Arena33-A12R3-190106-065-1024x768.jpg 1024w, https:\/\/dmc-online.com\/wordpress\/wp-content\/uploads\/2019\/02\/Andernach-Arena33-A12R3-190106-065-624x468.jpg 624w\" sizes=\"(max-width: 300px) 100vw, 300px\" \/><\/a><p id=\"caption-attachment-8857\" class=\"wp-caption-text\">Zeitnahme mit RCM Ultimate und LIve-Timing<\/p><\/div>\n<div id=\"attachment_8856\" style=\"width: 310px\" class=\"wp-caption alignleft\"><a href=\"https:\/\/dmc-online.com\/wordpress\/sportkreis-west\/arena33-mit-112-er-action-ins-neue-jahr\/attachment\/andernach-arena33-a12r3-190106-061\/\" rel=\"attachment wp-att-8856\"><img aria-describedby=\"caption-attachment-8856\" loading=\"lazy\" class=\"size-medium wp-image-8856\" src=\"https:\/\/dmc-online.org\/wordpress\/wp-content\/uploads\/2019\/02\/Andernach-Arena33-A12R3-190106-061-300x225.jpg\" alt=\"Markus Mobers\" width=\"300\" height=\"225\" srcset=\"https:\/\/dmc-online.com\/wordpress\/wp-content\/uploads\/2019\/02\/Andernach-Arena33-A12R3-190106-061-300x225.jpg 300w, https:\/\/dmc-online.com\/wordpress\/wp-content\/uploads\/2019\/02\/Andernach-Arena33-A12R3-190106-061-768x576.jpg 768w, https:\/\/dmc-online.com\/wordpress\/wp-content\/uploads\/2019\/02\/Andernach-Arena33-A12R3-190106-061-1024x768.jpg 1024w, https:\/\/dmc-online.com\/wordpress\/wp-content\/uploads\/2019\/02\/Andernach-Arena33-A12R3-190106-061-624x468.jpg 624w\" sizes=\"(max-width: 300px) 100vw, 300px\" \/><\/a><p id=\"caption-attachment-8856\" class=\"wp-caption-text\">Markus Mobers<\/p><\/div>\n<div id=\"attachment_8855\" style=\"width: 310px\" class=\"wp-caption alignleft\"><a href=\"https:\/\/dmc-online.com\/wordpress\/sportkreis-west\/arena33-mit-112-er-action-ins-neue-jahr\/attachment\/andernach-arena33-a12r3-190106-057\/\" rel=\"attachment wp-att-8855\"><img aria-describedby=\"caption-attachment-8855\" loading=\"lazy\" class=\"size-medium wp-image-8855\" src=\"https:\/\/dmc-online.org\/wordpress\/wp-content\/uploads\/2019\/02\/Andernach-Arena33-A12R3-190106-057-300x225.jpg\" alt=\"Warten auf den n\u00e4chsten Lauf\" width=\"300\" height=\"225\" srcset=\"https:\/\/dmc-online.com\/wordpress\/wp-content\/uploads\/2019\/02\/Andernach-Arena33-A12R3-190106-057-300x225.jpg 300w, https:\/\/dmc-online.com\/wordpress\/wp-content\/uploads\/2019\/02\/Andernach-Arena33-A12R3-190106-057-768x576.jpg 768w, https:\/\/dmc-online.com\/wordpress\/wp-content\/uploads\/2019\/02\/Andernach-Arena33-A12R3-190106-057-1024x768.jpg 1024w, https:\/\/dmc-online.com\/wordpress\/wp-content\/uploads\/2019\/02\/Andernach-Arena33-A12R3-190106-057-624x468.jpg 624w\" sizes=\"(max-width: 300px) 100vw, 300px\" \/><\/a><p id=\"caption-attachment-8855\" class=\"wp-caption-text\">Warten auf den n\u00e4chsten Lauf<\/p><\/div>\n<div id=\"attachment_8854\" style=\"width: 310px\" class=\"wp-caption alignleft\"><a href=\"https:\/\/dmc-online.com\/wordpress\/sportkreis-west\/arena33-mit-112-er-action-ins-neue-jahr\/attachment\/andernach-arena33-a12r3-190106-055\/\" rel=\"attachment wp-att-8854\"><img aria-describedby=\"caption-attachment-8854\" loading=\"lazy\" class=\"size-medium wp-image-8854\" src=\"https:\/\/dmc-online.org\/wordpress\/wp-content\/uploads\/2019\/02\/Andernach-Arena33-A12R3-190106-055-300x225.jpg\" alt=\"Technische Abnahme durch Raymond Libar\" width=\"300\" height=\"225\" srcset=\"https:\/\/dmc-online.com\/wordpress\/wp-content\/uploads\/2019\/02\/Andernach-Arena33-A12R3-190106-055-300x225.jpg 300w, https:\/\/dmc-online.com\/wordpress\/wp-content\/uploads\/2019\/02\/Andernach-Arena33-A12R3-190106-055-768x576.jpg 768w, https:\/\/dmc-online.com\/wordpress\/wp-content\/uploads\/2019\/02\/Andernach-Arena33-A12R3-190106-055-1024x768.jpg 1024w, https:\/\/dmc-online.com\/wordpress\/wp-content\/uploads\/2019\/02\/Andernach-Arena33-A12R3-190106-055-624x468.jpg 624w\" sizes=\"(max-width: 300px) 100vw, 300px\" \/><\/a><p id=\"caption-attachment-8854\" class=\"wp-caption-text\">Technische Abnahme durch Raymond Libar<\/p><\/div>\n<div id=\"attachment_8852\" style=\"width: 310px\" class=\"wp-caption alignleft\"><a href=\"https:\/\/dmc-online.com\/wordpress\/sportkreis-west\/arena33-mit-112-er-action-ins-neue-jahr\/attachment\/andernach-arena33-a12r3-190106-039\/\" rel=\"attachment wp-att-8852\"><img aria-describedby=\"caption-attachment-8852\" loading=\"lazy\" class=\"size-medium wp-image-8852\" src=\"https:\/\/dmc-online.org\/wordpress\/wp-content\/uploads\/2019\/02\/Andernach-Arena33-A12R3-190106-039-300x225.jpg\" alt=\"Fahrerlager\" width=\"300\" height=\"225\" srcset=\"https:\/\/dmc-online.com\/wordpress\/wp-content\/uploads\/2019\/02\/Andernach-Arena33-A12R3-190106-039-300x225.jpg 300w, https:\/\/dmc-online.com\/wordpress\/wp-content\/uploads\/2019\/02\/Andernach-Arena33-A12R3-190106-039-768x576.jpg 768w, https:\/\/dmc-online.com\/wordpress\/wp-content\/uploads\/2019\/02\/Andernach-Arena33-A12R3-190106-039-1024x768.jpg 1024w, https:\/\/dmc-online.com\/wordpress\/wp-content\/uploads\/2019\/02\/Andernach-Arena33-A12R3-190106-039-624x468.jpg 624w\" sizes=\"(max-width: 300px) 100vw, 300px\" \/><\/a><p id=\"caption-attachment-8852\" class=\"wp-caption-text\">Fahrerlager<\/p><\/div>\n<div id=\"attachment_8851\" style=\"width: 310px\" class=\"wp-caption alignleft\"><a href=\"https:\/\/dmc-online.com\/wordpress\/sportkreis-west\/arena33-mit-112-er-action-ins-neue-jahr\/attachment\/andernach-arena33-a12r3-190106-033\/\" rel=\"attachment wp-att-8851\"><img aria-describedby=\"caption-attachment-8851\" loading=\"lazy\" class=\"size-medium wp-image-8851\" src=\"https:\/\/dmc-online.org\/wordpress\/wp-content\/uploads\/2019\/02\/Andernach-Arena33-A12R3-190106-033-300x225.jpg\" alt=\"Fahrerstand\" width=\"300\" height=\"225\" srcset=\"https:\/\/dmc-online.com\/wordpress\/wp-content\/uploads\/2019\/02\/Andernach-Arena33-A12R3-190106-033-300x225.jpg 300w, https:\/\/dmc-online.com\/wordpress\/wp-content\/uploads\/2019\/02\/Andernach-Arena33-A12R3-190106-033-768x576.jpg 768w, https:\/\/dmc-online.com\/wordpress\/wp-content\/uploads\/2019\/02\/Andernach-Arena33-A12R3-190106-033-1024x768.jpg 1024w, https:\/\/dmc-online.com\/wordpress\/wp-content\/uploads\/2019\/02\/Andernach-Arena33-A12R3-190106-033-624x468.jpg 624w\" sizes=\"(max-width: 300px) 100vw, 300px\" \/><\/a><p id=\"caption-attachment-8851\" class=\"wp-caption-text\">Fahrerstand<\/p><\/div>\n<div id=\"attachment_8845\" style=\"width: 235px\" class=\"wp-caption alignleft\"><a href=\"https:\/\/dmc-online.com\/wordpress\/sportkreis-west\/arena33-mit-112-er-action-ins-neue-jahr\/attachment\/andernach-arena33-a12r3-190106-002\/\" rel=\"attachment wp-att-8845\"><img aria-describedby=\"caption-attachment-8845\" loading=\"lazy\" class=\"size-medium wp-image-8845\" src=\"https:\/\/dmc-online.org\/wordpress\/wp-content\/uploads\/2019\/02\/Andernach-Arena33-A12R3-190106-002-225x300.jpg\" alt=\"Rheinard, Paine\" width=\"225\" height=\"300\" srcset=\"https:\/\/dmc-online.com\/wordpress\/wp-content\/uploads\/2019\/02\/Andernach-Arena33-A12R3-190106-002-225x300.jpg 225w, https:\/\/dmc-online.com\/wordpress\/wp-content\/uploads\/2019\/02\/Andernach-Arena33-A12R3-190106-002-624x832.jpg 624w, https:\/\/dmc-online.com\/wordpress\/wp-content\/uploads\/2019\/02\/Andernach-Arena33-A12R3-190106-002.jpg 744w\" sizes=\"(max-width: 225px) 100vw, 225px\" \/><\/a><p id=\"caption-attachment-8845\" class=\"wp-caption-text\">Rheinard, Paine<\/p><\/div>\n<p>&nbsp;<\/p>\n","protected":false},"excerpt":{"rendered":"<p>Packendes 1\/12-er Racing er\u00f6ffnete die Saison 2019 in der Arena33 in Andernach. Beim dritten Lauf zur Arena 1\/12 League gleich am ersten Januar-Wochenende gab es beim MAC Andernach auch DMC-Punkte f\u00fcr die nationalen Ranglisten (EA, EB, EC) sowie f\u00fcr die Sportkreis-Meisterschaften Mitte und West zu verdienen. Insgesamt hatten 71 Fahrer aus sieben Nationen ihre Nennungen [&hellip;]<\/p>\n","protected":false},"author":22,"featured_media":0,"comment_status":"closed","ping_status":"open","sticky":false,"template":"","format":"standard","meta":[],"categories":[129,30,126,12],"tags":[],"_links":{"self":[{"href":"https:\/\/dmc-online.com\/wordpress\/wp-json\/wp\/v2\/posts\/8841"}],"collection":[{"href":"https:\/\/dmc-online.com\/wordpress\/wp-json\/wp\/v2\/posts"}],"about":[{"href":"https:\/\/dmc-online.com\/wordpress\/wp-json\/wp\/v2\/types\/post"}],"author":[{"embeddable":true,"href":"https:\/\/dmc-online.com\/wordpress\/wp-json\/wp\/v2\/users\/22"}],"replies":[{"embeddable":true,"href":"https:\/\/dmc-online.com\/wordpress\/wp-json\/wp\/v2\/comments?post=8841"}],"version-history":[{"count":5,"href":"https:\/\/dmc-online.com\/wordpress\/wp-json\/wp\/v2\/posts\/8841\/revisions"}],"predecessor-version":[{"id":8859,"href":"https:\/\/dmc-online.com\/wordpress\/wp-json\/wp\/v2\/posts\/8841\/revisions\/8859"}],"wp:attachment":[{"href":"https:\/\/dmc-online.com\/wordpress\/wp-json\/wp\/v2\/media?parent=8841"}],"wp:term":[{"taxonomy":"category","embeddable":true,"href":"https:\/\/dmc-online.com\/wordpress\/wp-json\/wp\/v2\/categories?post=8841"},{"taxonomy":"post_tag","embeddable":true,"href":"https:\/\/dmc-online.com\/wordpress\/wp-json\/wp\/v2\/tags?post=8841"}],"curies":[{"name":"wp","href":"https:\/\/api.w.org\/{rel}","templated":true}]}}