{"id":6796,"date":"2017-08-17T10:46:25","date_gmt":"2017-08-17T08:46:25","guid":{"rendered":"http:\/\/dmc-online.com\/wordpress\/?p=6796"},"modified":"2018-10-14T11:44:10","modified_gmt":"2018-10-14T09:44:10","slug":"1-lauf-zur-deutschen-meisterschaft-or8-ober-moerlen","status":"publish","type":"post","link":"https:\/\/dmc-online.com\/wordpress\/referent-offroad-massstab-1-zu-8\/1-lauf-zur-deutschen-meisterschaft-or8-ober-moerlen\/","title":{"rendered":"1.Lauf zur Deutschen Meisterschaft OR8 in Ober-M\u00f6rlen"},"content":{"rendered":"<p>&nbsp;<\/p>\n<p><a href=\"https:\/\/dmc-online.org\/wordpress\/wp-content\/uploads\/2017\/08\/20170813_184636.jpg\" rel=\"attachment wp-att-6803\"><img loading=\"lazy\" class=\"alignnone wp-image-6803\" src=\"https:\/\/dmc-online.org\/wordpress\/wp-content\/uploads\/2017\/08\/20170813_184636-300x169.jpg\" alt=\"20170813_184636\" width=\"630\" height=\"355\" srcset=\"https:\/\/dmc-online.com\/wordpress\/wp-content\/uploads\/2017\/08\/20170813_184636-300x169.jpg 300w, https:\/\/dmc-online.com\/wordpress\/wp-content\/uploads\/2017\/08\/20170813_184636-768x432.jpg 768w, https:\/\/dmc-online.com\/wordpress\/wp-content\/uploads\/2017\/08\/20170813_184636-1024x576.jpg 1024w, https:\/\/dmc-online.com\/wordpress\/wp-content\/uploads\/2017\/08\/20170813_184636-624x351.jpg 624w, https:\/\/dmc-online.com\/wordpress\/wp-content\/uploads\/2017\/08\/20170813_184636.jpg 1280w\" sizes=\"(max-width: 630px) 100vw, 630px\" \/><\/a><\/p>\n<p>Er hat es geschafft, gemeint ist Micha Widmaier und das vom Start weg bis ins Ziel. Im 40 min\u00fctigenFinallauf war er nicht zu bremsen, trotz dass ihm Aaron M\u00fcnster, Alexander Schmitt und Sebastian Winterstein im Nacken sa\u00dfen. Schon im Halbfinale passte alles bei Micha, welches er gewann. Nun ein kurzer R\u00fcckblick auf die drei Tage, welche nicht unterschiedlicher h\u00e4tten sein k\u00f6nnen. Erst begann alles mit einem verregneten und abgebrochenen Trainingstag am Freitag, den 11.08.2017, dann folgten feuchte Vorl\u00e4ufe am Samstag und der Sonntag war zwar trocken, aber die Strecke noch feucht. Trotz aller Widrigkeiten hat der MSC Ober-M\u00f6rlen super Arbeit geleistet und mit tatkr\u00e4ftiger Unterst\u00fctzung seiner Mitglieder die Strecke in einen fahrbaren Zustand (S\u00e4gesp\u00e4nnen sei Dank) gebracht. Ein gro\u00dfes Lob an den Verein an dieser Stelle.<br \/>\nSonntag \u2013 13.08.2017 ist Finaltag bei dem 1.Lauf zur Deutschen Meisterschaft OR8 beim MSC-Ober-M\u00f6rlen und der begann mit dem 1\/128 Finallauf und danach ging es aufgeteilt in A und B weiter. F\u00fcr die Fahrer hei\u00dft es, in den 15 Minuten Fahrzeit eine der begehrten vorderen Positionen zu erreichen, um eine Runde weiter zu kommen und so das Finale, also Endlauf zu erreichen in dem der erste Gewinner oder Gewinnerin gek\u00fcrt werden. Bisher lief es f\u00fcr Burak Kilic super. Er schaffte zum aktuellen Zeitpunkt den Aufstieg zum 5.Mal und war f\u00fcr das 1\/2 B qualifiziert. Super Leistung..<br \/>\nWas f\u00fcr zwei Halbfinals. Ein paar Favoriten konnten sich nicht f\u00fcr das Finale qualifizieren. Darunter der Vorlaufschnellste Carsten Keller, aber auch Burak Kilic, der im letzten Jahr noch Vize-Meister wurde. Daf\u00fcr setzten neue Fahrer ein Ausrufezeichen, wie Aaron R\u00f6nick aus Eisenach, der sein Halbfinale vor Marcel Kr\u00fcger und Sebastian Winterstein gewann. Im anderen Halbfinale war es der Europameister OR8 B Micha Widmaier vor Max Hesse und Aaron M\u00fcnster, der als Einzigster Sworkz Fahrer nun von Startplatz 1 startet. Mal sehen, ob er sich m Finale durchsetzen kann, was bei der starken Konkurrenz nicht einfach sein wird.<br \/>\nFinalergebnis:<\/p>\n<p><a href=\"https:\/\/dmc-online.org\/wordpress\/wp-content\/uploads\/2017\/08\/20170813_184656.jpg\" rel=\"attachment wp-att-6804\"><img loading=\"lazy\" class=\"alignnone wp-image-6804\" src=\"https:\/\/dmc-online.org\/wordpress\/wp-content\/uploads\/2017\/08\/20170813_184656-169x300.jpg\" alt=\"20170813_184656\" width=\"213\" height=\"378\" srcset=\"https:\/\/dmc-online.com\/wordpress\/wp-content\/uploads\/2017\/08\/20170813_184656-169x300.jpg 169w, https:\/\/dmc-online.com\/wordpress\/wp-content\/uploads\/2017\/08\/20170813_184656-576x1024.jpg 576w, https:\/\/dmc-online.com\/wordpress\/wp-content\/uploads\/2017\/08\/20170813_184656-624x1109.jpg 624w, https:\/\/dmc-online.com\/wordpress\/wp-content\/uploads\/2017\/08\/20170813_184656.jpg 720w\" sizes=\"(max-width: 213px) 100vw, 213px\" \/><\/a><br \/>\n1. WIDMAIER, Micha \u2013 Sworkz<br \/>\n2. M\u00dcNSTER, Aaron \u2013 Kyosho<br \/>\n3. SCHMITT, Alexander \u2013 HB<br \/>\n4. WINTERSTEIN, Sebastian \u2013 Mugen<br \/>\n5. R\u00d6NICK, Aaron \u2013 Mugen<br \/>\n6. HESSE, Max \u2013 Hobao<br \/>\n7. PAUL, Marcel \u2013 Kyosho<br \/>\n8. WIESWEG, Maik \u2013 Mugen<br \/>\n9. GUSKE, Marcel \u2013 Asso<br \/>\n10. L\u00dcTGERT, Philipp \u2013 Kyosho<br \/>\n11. KR\u00dcGER, Marcel \u2013 Agama<br \/>\n12. RAU, Luca \u2013 Kyosho<br \/>\nTitel wurden noch nicht vergeben, dazu kommt noch der Lauf in Hamburg:<\/p>\n<p><a href=\"https:\/\/dmc-online.org\/wordpress\/wp-content\/uploads\/2017\/08\/20170813_184027.jpg\" rel=\"attachment wp-att-6802\"><img loading=\"lazy\" class=\"alignnone wp-image-6802\" src=\"https:\/\/dmc-online.org\/wordpress\/wp-content\/uploads\/2017\/08\/20170813_184027-169x300.jpg\" alt=\"20170813_184027\" width=\"206\" height=\"365\" srcset=\"https:\/\/dmc-online.com\/wordpress\/wp-content\/uploads\/2017\/08\/20170813_184027-169x300.jpg 169w, https:\/\/dmc-online.com\/wordpress\/wp-content\/uploads\/2017\/08\/20170813_184027-576x1024.jpg 576w, https:\/\/dmc-online.com\/wordpress\/wp-content\/uploads\/2017\/08\/20170813_184027-624x1109.jpg 624w, https:\/\/dmc-online.com\/wordpress\/wp-content\/uploads\/2017\/08\/20170813_184027.jpg 720w\" sizes=\"(max-width: 206px) 100vw, 206px\" \/><\/a><br \/>\nFinale Junior<br \/>\n1. Burak Kilic \u2013 Agama<br \/>\n2. Berkan Kilic \u2013 Agama<br \/>\n3. Laurin Czypulowsti \u2013 Mugen<br \/>\n4. Ilias Reise \u2013 Agama<br \/>\n5. Sophie M\u00fcller \u2013 Mugen<br \/>\n6. Lucas Krappmann<br \/>\n7. Fabian Wuertz<br \/>\n8. Steve Krause \u2013 HB<br \/>\n9. Ivo Buljan<br \/>\n10. Tom Saul<br \/>\n11. Tom Zschiedrich<br \/>\n12. Pierre Backe<br \/>\n13. Tom Sommer<br \/>\nEr hat es mal wieder geschafft. Daniel Reckward ist auf Titelkurs bei 40+. Der \u201eAltmeister\u201c kann es noch und bewies dies in den letzten zuvor schon des \u00f6fteren.<\/p>\n<p><a href=\"https:\/\/dmc-online.org\/wordpress\/wp-content\/uploads\/2017\/08\/20170813_183021.jpg\" rel=\"attachment wp-att-6801\"><img loading=\"lazy\" class=\"alignnone wp-image-6801\" src=\"https:\/\/dmc-online.org\/wordpress\/wp-content\/uploads\/2017\/08\/20170813_183021-169x300.jpg\" alt=\"20170813_183021\" width=\"221\" height=\"392\" srcset=\"https:\/\/dmc-online.com\/wordpress\/wp-content\/uploads\/2017\/08\/20170813_183021-169x300.jpg 169w, https:\/\/dmc-online.com\/wordpress\/wp-content\/uploads\/2017\/08\/20170813_183021-576x1024.jpg 576w, https:\/\/dmc-online.com\/wordpress\/wp-content\/uploads\/2017\/08\/20170813_183021-624x1109.jpg 624w, https:\/\/dmc-online.com\/wordpress\/wp-content\/uploads\/2017\/08\/20170813_183021.jpg 720w\" sizes=\"(max-width: 221px) 100vw, 221px\" \/><\/a><br \/>\nFinale 40+<br \/>\n1. Daniel Reckward<br \/>\n2. Haroun Schobner<br \/>\n3. Dirk Kirchwehm<br \/>\n4. Christian Warda<br \/>\n5. J\u00fcrgen Appel<br \/>\n6. Chun Yeng Chan7. Christian K\u00f6ster<br \/>\n8. Heino M\u00fcller<br \/>\n9. Michael W\u00e4chter<br \/>\n10. Markus Dirks<br \/>\n11. Marcus Wende<br \/>\n12. Guido Erler<br \/>\n<a href=\"https:\/\/dmc-online.org\/wordpress\/wp-content\/uploads\/2017\/08\/20170812_124210.jpg\" rel=\"attachment wp-att-6799\"><img loading=\"lazy\" class=\"alignnone wp-image-6799\" src=\"https:\/\/dmc-online.org\/wordpress\/wp-content\/uploads\/2017\/08\/20170812_124210-300x169.jpg\" alt=\"20170812_124210\" width=\"605\" height=\"341\" srcset=\"https:\/\/dmc-online.com\/wordpress\/wp-content\/uploads\/2017\/08\/20170812_124210-300x169.jpg 300w, https:\/\/dmc-online.com\/wordpress\/wp-content\/uploads\/2017\/08\/20170812_124210-768x432.jpg 768w, https:\/\/dmc-online.com\/wordpress\/wp-content\/uploads\/2017\/08\/20170812_124210-1024x576.jpg 1024w, https:\/\/dmc-online.com\/wordpress\/wp-content\/uploads\/2017\/08\/20170812_124210-624x351.jpg 624w, https:\/\/dmc-online.com\/wordpress\/wp-content\/uploads\/2017\/08\/20170812_124210.jpg 1280w\" sizes=\"(max-width: 605px) 100vw, 605px\" \/><\/a><br \/>\nR\u00fcckblick Samstag<br \/>\nDer Samstag beim MSC-Ober-M\u00f6rlen e. V. war im Vorfeld ganz anders geplant. Am Freitag fiel das Training buchst\u00e4blich ins Wasser. An einen normalen Rennablauf war nicht zu denken.<br \/>\nAufgrund des Wetters wurde am Samstag gleich mit den Vorl\u00e4ufen begonnen. Nicht alle fuhren die Vorl\u00e4ufe komplett mit. Wer auf der Strecke schon gefahren ist, hat durch den verregneten Freitag ein Vorteil wegen des fehlenden Trainings. F\u00fcr das Wetter konnte niemand was. Endlich fahren sie, Wetter egal. Nun ist der Samstag zu Ende gegangen mit den vier Vorl\u00e4ufen. An der Spitze behauptete von Beginn an Carsten Keller sein F\u00fchrung vor Aaron M\u00fcnster. Dahinter Sebastian Winterstein vor Luca Rau, die wie viele eine Topleistung zeigten. Ab Platz 5 wurde es schon umk\u00e4mpfter. Alexander Schmitt folgte vor dem neuen EFRA Europameister OR8 B Micha Widmaier.<br \/>\nStand nach Vorlauf 4<br \/>\n1. KELLER, Carsten \u2013 Mugen<br \/>\n2. M\u00dcNSTER, Aaron \u2013 Kyosho<br \/>\n3. WINTERSTEIN, Sebastian \u2013 Mugen<br \/>\n4. RAU, Luca \u2013 Kyosho \u2013 Kyosho<br \/>\n5. SCHMITT, Alexander<br \/>\n6. WIDMAIER, Micha \u2013 Sworkz<br \/>\n7. KR\u00dcGER, Marcel \u2013 Agama<br \/>\n8. HESSE, Max \u2013 Hobao<br \/>\n9. R\u00d6NICK, Aaron \u2013 Mugen<br \/>\n10. SIEVERT, Jan \u2013 Mugen<br \/>\n11. PAUL, Marcel \u2013 Kyosho<br \/>\n12. GUSKE, Marcel<br \/>\n13. CANTARERO, Maximilian<br \/>\n14. KUNZ, Tim- Xray<br \/>\n15. RECKWARD, Daniel \u2013 Mugen<\/p>\n<p><a href=\"https:\/\/dmc-online.org\/wordpress\/wp-content\/uploads\/2017\/08\/20170812_082533.jpg\" rel=\"attachment wp-att-6797\"><img loading=\"lazy\" class=\"alignnone wp-image-6797\" src=\"https:\/\/dmc-online.org\/wordpress\/wp-content\/uploads\/2017\/08\/20170812_082533-300x169.jpg\" alt=\"20170812_082533\" width=\"580\" height=\"327\" srcset=\"https:\/\/dmc-online.com\/wordpress\/wp-content\/uploads\/2017\/08\/20170812_082533-300x169.jpg 300w, https:\/\/dmc-online.com\/wordpress\/wp-content\/uploads\/2017\/08\/20170812_082533-768x432.jpg 768w, https:\/\/dmc-online.com\/wordpress\/wp-content\/uploads\/2017\/08\/20170812_082533-1024x576.jpg 1024w, https:\/\/dmc-online.com\/wordpress\/wp-content\/uploads\/2017\/08\/20170812_082533-624x351.jpg 624w, https:\/\/dmc-online.com\/wordpress\/wp-content\/uploads\/2017\/08\/20170812_082533.jpg 1280w\" sizes=\"(max-width: 580px) 100vw, 580px\" \/><\/a><\/p>\n<p>R\u00fcckblick \u2013 Freitag<br \/>\nWas f\u00fcr ein Beginn in das Rennwochenende beim MSC-Ober-M\u00f6rlen e.V. auf deren Top vorbereiteten Offroad-Strecke. In den letzten Wochen und Monaten wurde die Strecke und das Umfeld f\u00fcr das Rennen auf \u201eVordermann\u201c gebracht, vieles organisiert und umgesetzt. Nicht zuletzt gab es DM-Trainingstage, bei denen Gastfahrer auf der Strecke auch nat\u00fcrlich f\u00fcr den ersten DM-Lauf trainieren konnten. Die Mitglieder und Helfer des Vereins haben auf das Rennen fieberhaft hingearbeitet. Das verdient an dieser Stelle ein gro\u00dfes Lob und Dank. Leider begann kurz vor dem Trainingsstart am Freitag, den 11.08.2017 der Regen, was ein Fahren auf der Strecke unm\u00f6glich machte. Ein paar wenige waren im ersten Trainingslauf trotzdem gefahren. Danach bleibt genug Zeit zum Reinigen, da entschieden wurde, f\u00fcr den Tag abzubrechen. Die Stimmung lassen sich die Meisten vor Ort nicht vermiesen.<br \/>\nDas Wetter ist nicht sch\u00f6n f\u00fcr den Verein, die Teilnehmer und die mit angereisten Personen, welche sich auf einen tollen Start zum ersten DM-Lauf OR8 2017 gefreut hatten. Wir dr\u00fccken f\u00fcr den Samstag und Sonntag die Daumen, dass das Wetter besser wird und der DM-Start gl\u00fcckt beim MSC-Ober-M\u00f6rlen e.V.. Am Samstag, den 12.08.2017 geht es weiter, wenn sich nichts \u00e4ndert.<br \/>\nStreckeninformationen Ober-M\u00f6rlen<br \/>\n\u2022 Streckenbelag: Lehmboden, Teppich, Pflasterstein<br \/>\n\u2022 Strecke: ca. 250 Meter lang und 3-4 Meter breit<br \/>\n\u2022 Streckenbegrenzung: Curbs und Erdw\u00e4lle<\/p>\n","protected":false},"excerpt":{"rendered":"<p>&nbsp; Er hat es geschafft, gemeint ist Micha Widmaier und das vom Start weg bis ins Ziel. Im 40 min\u00fctigenFinallauf war er nicht zu bremsen, trotz dass ihm Aaron M\u00fcnster, Alexander Schmitt und Sebastian Winterstein im Nacken sa\u00dfen. Schon im Halbfinale passte alles bei Micha, welches er gewann. Nun ein kurzer R\u00fcckblick auf die drei [&hellip;]<\/p>\n","protected":false},"author":8,"featured_media":0,"comment_status":"closed","ping_status":"open","sticky":false,"template":"","format":"standard","meta":[],"categories":[129,20],"tags":[],"_links":{"self":[{"href":"https:\/\/dmc-online.com\/wordpress\/wp-json\/wp\/v2\/posts\/6796"}],"collection":[{"href":"https:\/\/dmc-online.com\/wordpress\/wp-json\/wp\/v2\/posts"}],"about":[{"href":"https:\/\/dmc-online.com\/wordpress\/wp-json\/wp\/v2\/types\/post"}],"author":[{"embeddable":true,"href":"https:\/\/dmc-online.com\/wordpress\/wp-json\/wp\/v2\/users\/8"}],"replies":[{"embeddable":true,"href":"https:\/\/dmc-online.com\/wordpress\/wp-json\/wp\/v2\/comments?post=6796"}],"version-history":[{"count":5,"href":"https:\/\/dmc-online.com\/wordpress\/wp-json\/wp\/v2\/posts\/6796\/revisions"}],"predecessor-version":[{"id":6809,"href":"https:\/\/dmc-online.com\/wordpress\/wp-json\/wp\/v2\/posts\/6796\/revisions\/6809"}],"wp:attachment":[{"href":"https:\/\/dmc-online.com\/wordpress\/wp-json\/wp\/v2\/media?parent=6796"}],"wp:term":[{"taxonomy":"category","embeddable":true,"href":"https:\/\/dmc-online.com\/wordpress\/wp-json\/wp\/v2\/categories?post=6796"},{"taxonomy":"post_tag","embeddable":true,"href":"https:\/\/dmc-online.com\/wordpress\/wp-json\/wp\/v2\/tags?post=6796"}],"curies":[{"name":"wp","href":"https:\/\/api.w.org\/{rel}","templated":true}]}}