{"id":466,"date":"2011-12-12T08:30:45","date_gmt":"2011-12-12T07:30:45","guid":{"rendered":"http:\/\/dmc-online.com\/wordpress\/?p=466"},"modified":"2013-04-22T14:13:24","modified_gmt":"2013-04-22T12:13:24","slug":"nennungen-wm-112-niederlande","status":"publish","type":"post","link":"https:\/\/dmc-online.com\/wordpress\/referent-elektro-glattbahn\/nennungen-wm-112-niederlande\/","title":{"rendered":"Nennungen WM 1:12 Niederlande"},"content":{"rendered":"<p>Best\u00e4tigte Fahrer f\u00fcr die 1:12 WM<\/p>\n<table>\n<tr>\n<td>Nr.:<\/td>\n<td>Vorname<\/td>\n<td>Name<\/td>\n<td>EFRA Status<\/td>\n<\/tr>\n<tr>\n<td>1<\/td>\n<td>Marc<\/td>\n<td>Fischer<\/td>\n<td>Best\u00e4tigt<\/td>\n<\/tr>\n<tr>\n<td>2<\/td>\n<td>Daniel<\/td>\n<td>Sieber<\/td>\n<td>Best\u00e4tigt<\/td>\n<\/tr>\n<tr>\n<td>3<\/td>\n<td>Markus<\/td>\n<td>Mobers<\/td>\n<td>Best\u00e4tigt<\/td>\n<\/tr>\n<tr>\n<td>4<\/td>\n<td>Ronald<\/td>\n<td>V\u00f6lker<\/td>\n<td>Best\u00e4tigt<\/td>\n<\/tr>\n<tr>\n<td>5<\/td>\n<td>Tim<\/td>\n<td>Altmann<\/td>\n<td>Best\u00e4tigt<\/td>\n<\/tr>\n<tr>\n<td>6<\/td>\n<td>Jan<\/td>\n<td>Asmer<\/td>\n<td>Best\u00e4tigt<\/td>\n<\/tr>\n<tr>\n<td>7<\/td>\n<td>Kevin<\/td>\n<td>Bucheim<\/td>\n<td>Best\u00e4tigt<\/td>\n<\/tr>\n<tr>\n<td>8<\/td>\n<td>Treder<\/td>\n<td>Lars<\/td>\n<td>Best\u00e4tigt<\/td>\n<\/tr>\n<tr>\n<td>9<\/td>\n<td>Asmer<\/td>\n<td>Kai<\/td>\n<td>Best\u00e4tigt<\/td>\n<\/tr>\n<\/table>\n<p>Best\u00e4tigte Fahrer f\u00fcr die TW-Klasse:<\/p>\n<table>\n<tr>\n<td>Nr.:<\/td>\n<td>Vorname<\/td>\n<td>Name<\/td>\n<td>EFRA Status<\/td>\n<\/tr>\n<tr>\n<td>1<\/td>\n<td>Marc<\/td>\n<td>Rheinard<\/td>\n<td>Best\u00e4tigt<\/td>\n<\/tr>\n<tr>\n<td>2<\/td>\n<td>Marc<\/td>\n<td>Fischer<\/td>\n<td>Best\u00e4tigt<\/td>\n<\/tr>\n<tr>\n<td>3<\/td>\n<td>Ronald<\/td>\n<td>V\u00f6lker<\/td>\n<td>Best\u00e4tigt<\/td>\n<\/tr>\n<tr>\n<td>4<\/td>\n<td>Yannick<\/td>\n<td>Pr\u00fcmper<\/td>\n<td>Best\u00e4tigt<\/td>\n<\/tr>\n<tr>\n<td>5<\/td>\n<td>Christoph<\/td>\n<td>Krapp<\/td>\n<td>Best\u00e4tigt<\/td>\n<\/tr>\n<tr>\n<td>6<\/td>\n<td>Frederik<\/td>\n<td>S\u00fcdhoff<\/td>\n<td>Best\u00e4tigt<\/td>\n<\/tr>\n<tr>\n<td>7<\/td>\n<td>Patrick<\/td>\n<td>Pasch<\/td>\n<td>Best\u00e4tigt<\/td>\n<\/tr>\n<tr>\n<td>8<\/td>\n<td>Frederico<\/td>\n<td>Veronesi<\/td>\n<td>Best\u00e4tigt<\/td>\n<\/tr>\n<tr>\n<td>9<\/td>\n<td>Dominik<\/td>\n<td>Fleischmann<\/td>\n<td>Best\u00e4tigt<\/td>\n<\/tr>\n<tr>\n<td>10<\/td>\n<td>Marco<\/td>\n<td>Kaufmann<\/td>\n<td>Best\u00e4tigt<\/td>\n<\/tr>\n<tr>\n<td>11<\/td>\n<td>Steven<\/td>\n<td>Wei\u00df<\/td>\n<td>Best\u00e4tigt<\/td>\n<\/tr>\n<tr>\n<td>12<\/td>\n<td>David<\/td>\n<td>Ehrbar<\/td>\n<td>Best\u00e4tigt<\/td>\n<\/tr>\n<tr>\n<td>13<\/td>\n<td>Benson<\/td>\n<td>Tim<\/td>\n<td>Best\u00e4tigt<\/td>\n<\/tr>\n<tr>\n<td>14<\/td>\n<td>Treder<\/td>\n<td>Lars<\/td>\n<td>Best\u00e4tigt<\/td>\n<\/tr>\n<tr>\n<td>15<\/td>\n<td>Daniel<\/td>\n<td>Sieber<\/td>\n<td>Best\u00e4tigt<\/td>\n<\/tr>\n<tr>\n<td>16<\/td>\n<td>Diedrich<\/td>\n<td>Mario<\/td>\n<td>Best\u00e4tigt<\/td>\n<\/tr>\n<tr>\n<td>17<\/td>\n<td>Rene<\/td>\n<td>Kl\u00f6ckner<\/td>\n<td>Best\u00e4tigt<\/td>\n<\/tr>\n<tr>\n<td>18<\/td>\n<td>Martin<\/td>\n<td>Hofer<\/td>\n<td>Best\u00e4tigt<\/td>\n<\/tr>\n<tr>\n<td>19<\/td>\n<td>Sagakuchi<\/td>\n<td>Dai<\/td>\n<td>Best\u00e4tigt<\/td>\n<\/tr>\n<tr>\n<td>20<\/td>\n<td>Borowski<\/td>\n<td>Julian<\/td>\n<td>Best\u00e4tigt<\/td>\n<\/tr>\n<tr>\n<td>21<\/td>\n<td>Eric<\/td>\n<td>Dankel<\/td>\n<td>Best\u00e4tigt<\/td>\n<\/tr>\n<tr>\n<td>22<\/td>\n<td>Christoph<\/td>\n<td>Merten<\/td>\n<td>Best\u00e4tigt<\/td>\n<\/tr>\n<tr>\n<td>23<\/td>\n<td>Max<\/td>\n<td>Unterweger<\/td>\n<td>Best\u00e4tigt<\/td>\n<\/tr>\n<tr>\n<td>24<\/td>\n<td>Jan<\/td>\n<td>Asmer<\/td>\n<td>Best\u00e4tigt<\/td>\n<\/tr>\n<\/table>\n<p>Mit sportlichen Gr\u00fc\u00dfen<\/p>\n<p>J. Dragani<\/p>\n<p>Elektroglattbahnreferent DMC e.V.<\/p>\n","protected":false},"excerpt":{"rendered":"<p>Best\u00e4tigte Fahrer f\u00fcr die 1:12 WM Nr.: Vorname Name EFRA Status 1 Marc Fischer Best\u00e4tigt 2 Daniel Sieber Best\u00e4tigt 3 Markus Mobers Best\u00e4tigt 4 Ronald V\u00f6lker Best\u00e4tigt 5 Tim Altmann Best\u00e4tigt 6 Jan Asmer Best\u00e4tigt 7 Kevin Bucheim Best\u00e4tigt 8 Treder Lars Best\u00e4tigt 9 Asmer Kai Best\u00e4tigt Best\u00e4tigte Fahrer f\u00fcr die TW-Klasse: Nr.: Vorname Name [&hellip;]<\/p>\n","protected":false},"author":1,"featured_media":0,"comment_status":"closed","ping_status":"open","sticky":false,"template":"","format":"standard","meta":[],"categories":[4],"tags":[],"_links":{"self":[{"href":"https:\/\/dmc-online.com\/wordpress\/wp-json\/wp\/v2\/posts\/466"}],"collection":[{"href":"https:\/\/dmc-online.com\/wordpress\/wp-json\/wp\/v2\/posts"}],"about":[{"href":"https:\/\/dmc-online.com\/wordpress\/wp-json\/wp\/v2\/types\/post"}],"author":[{"embeddable":true,"href":"https:\/\/dmc-online.com\/wordpress\/wp-json\/wp\/v2\/users\/1"}],"replies":[{"embeddable":true,"href":"https:\/\/dmc-online.com\/wordpress\/wp-json\/wp\/v2\/comments?post=466"}],"version-history":[{"count":1,"href":"https:\/\/dmc-online.com\/wordpress\/wp-json\/wp\/v2\/posts\/466\/revisions"}],"predecessor-version":[{"id":467,"href":"https:\/\/dmc-online.com\/wordpress\/wp-json\/wp\/v2\/posts\/466\/revisions\/467"}],"wp:attachment":[{"href":"https:\/\/dmc-online.com\/wordpress\/wp-json\/wp\/v2\/media?parent=466"}],"wp:term":[{"taxonomy":"category","embeddable":true,"href":"https:\/\/dmc-online.com\/wordpress\/wp-json\/wp\/v2\/categories?post=466"},{"taxonomy":"post_tag","embeddable":true,"href":"https:\/\/dmc-online.com\/wordpress\/wp-json\/wp\/v2\/tags?post=466"}],"curies":[{"name":"wp","href":"https:\/\/api.w.org\/{rel}","templated":true}]}}