{"id":2282,"date":"2014-01-22T11:08:04","date_gmt":"2014-01-22T10:08:04","guid":{"rendered":"http:\/\/dmc-online.com\/wordpress\/?p=2282"},"modified":"2014-02-06T20:37:45","modified_gmt":"2014-02-06T19:37:45","slug":"deutsche-teilnehmer-euros-or8","status":"publish","type":"post","link":"https:\/\/dmc-online.com\/wordpress\/referent-offroad-massstab-1-zu-8\/deutsche-teilnehmer-euros-or8\/","title":{"rendered":"Deutsche Teilnehmer Euros OR8"},"content":{"rendered":"<p>Nun stehen alle Teilnehmer der Euro A und B fest.<\/p>\n<p>In Sand\/Main auf der Euro-A starten f\u00fcr Deutschland:<\/p>\n<p>Neumann J\u00f6rn<br \/>\nGuske Marcel<br \/>\nReckward Daniel<br \/>\nKeller Carsten<br \/>\nK\u00e4ufler Hannes<br \/>\nWiesner Tom<br \/>\nCordts Maximilian<br \/>\nLorenz Nick<br \/>\nSt\u00f6lzle Max<br \/>\nSievert Jan<br \/>\nStrothmann Lukas<br \/>\nKilic Burak<br \/>\nSch\u00f6ninger Steven<br \/>\nB\u00fcssing Manuel<br \/>\nSteiner Henrik<br \/>\nByesse Stefan<br \/>\nBethke Luca<br \/>\nSeuenpflug Stefan<br \/>\nKruger Luca<\/p>\n<p>Und f\u00fcr die Euro-B in Madrid sind mit dabei:<\/p>\n<p>Cordts Maximilian<br \/>\nKilic Burak<br \/>\nKruger Luca<br \/>\nEser Simon<br \/>\nGuschl Philipp<br \/>\nK\u00f6ster Christian<br \/>\nStadler Nick<br \/>\nWagner Sven<br \/>\nBessler Christian<br \/>\nStadler Hansj\u00f6rg<br \/>\nBauer Jonas<br \/>\nWende Markus<br \/>\nErler Guido<br \/>\nKilic Berkan<br \/>\nWende Vanessa<br \/>\nW\u00e4chter Michael<br \/>\nEinert Kim<br \/>\nKohler Michael<br \/>\nBessler Kerstin<br \/>\nProbst Torsten<\/p>\n<p>Wenn ich f\u00fcr die Euro-A noch Startpl\u00e4tze bekomme gebe ich denen,<br \/>\ndie als n\u00e4chstes dran sind Bescheid.<\/p>\n<p>Sportliche Gr\u00fc\u00dfe<br \/>\nOR Referent<br \/>\nRalf Bauer<\/p>\n","protected":false},"excerpt":{"rendered":"<p>Nun stehen alle Teilnehmer der Euro A und B fest. In Sand\/Main auf der Euro-A starten f\u00fcr Deutschland: Neumann J\u00f6rn Guske Marcel Reckward Daniel Keller Carsten K\u00e4ufler Hannes Wiesner Tom Cordts Maximilian Lorenz Nick St\u00f6lzle Max Sievert Jan Strothmann Lukas Kilic Burak Sch\u00f6ninger Steven B\u00fcssing Manuel Steiner Henrik Byesse Stefan Bethke Luca Seuenpflug Stefan Kruger [&hellip;]<\/p>\n","protected":false},"author":8,"featured_media":0,"comment_status":"closed","ping_status":"open","sticky":false,"template":"","format":"standard","meta":[],"categories":[20],"tags":[],"_links":{"self":[{"href":"https:\/\/dmc-online.com\/wordpress\/wp-json\/wp\/v2\/posts\/2282"}],"collection":[{"href":"https:\/\/dmc-online.com\/wordpress\/wp-json\/wp\/v2\/posts"}],"about":[{"href":"https:\/\/dmc-online.com\/wordpress\/wp-json\/wp\/v2\/types\/post"}],"author":[{"embeddable":true,"href":"https:\/\/dmc-online.com\/wordpress\/wp-json\/wp\/v2\/users\/8"}],"replies":[{"embeddable":true,"href":"https:\/\/dmc-online.com\/wordpress\/wp-json\/wp\/v2\/comments?post=2282"}],"version-history":[{"count":2,"href":"https:\/\/dmc-online.com\/wordpress\/wp-json\/wp\/v2\/posts\/2282\/revisions"}],"predecessor-version":[{"id":2287,"href":"https:\/\/dmc-online.com\/wordpress\/wp-json\/wp\/v2\/posts\/2282\/revisions\/2287"}],"wp:attachment":[{"href":"https:\/\/dmc-online.com\/wordpress\/wp-json\/wp\/v2\/media?parent=2282"}],"wp:term":[{"taxonomy":"category","embeddable":true,"href":"https:\/\/dmc-online.com\/wordpress\/wp-json\/wp\/v2\/categories?post=2282"},{"taxonomy":"post_tag","embeddable":true,"href":"https:\/\/dmc-online.com\/wordpress\/wp-json\/wp\/v2\/tags?post=2282"}],"curies":[{"name":"wp","href":"https:\/\/api.w.org\/{rel}","templated":true}]}}