{"id":22038,"date":"2025-06-16T10:28:34","date_gmt":"2025-06-16T08:28:34","guid":{"rendered":"https:\/\/dmc-online.com\/wordpress\/?p=22038"},"modified":"2025-06-16T10:28:34","modified_gmt":"2025-06-16T08:28:34","slug":"3-sk-lauf-west-vg8-10","status":"publish","type":"post","link":"https:\/\/dmc-online.com\/wordpress\/allgemein\/3-sk-lauf-west-vg8-10\/","title":{"rendered":"3. SK Lauf West VG8\/10"},"content":{"rendered":"<div dir=\"auto\">Am vergangenen Pfingstwochenende, vom 07.06.2025 bis 08.06.2025 war es endlich wieder soweit. Der RC Haltern begr\u00fc\u00dfte alle Mini-Car Piloten zum 3. Lauf der Sport Kreismeisterschaft West.<\/div>\n<div dir=\"auto\">Trotz der mehr als schlechten Wetterprognosen im Vorfeld des Pfingstwochenendes, lie\u00dfen es sich 45 Modellpiloten nicht nehmen, die teilweise langen Anreisen nach Haltern anzutreten.<\/div>\n<div dir=\"auto\">Und tats\u00e4chlich bot die geographische Lage des Lipperings, alle gruseligen Witterungsbedingungen die im Juni in unseren Breitengraden m\u00f6glich sind:<\/div>\n<div dir=\"auto\">Der Trainingstag\/Samstag wurde trotz bestehender N\u00e4sse bereits ab 10:30 Uhr durch einige wenige Fahrer zur ersten Testfahrten genutzt.<\/div>\n<div dir=\"auto\">Die Strecke konnte bis zum fr\u00fchen Nachmittag kaum abtrocknen, da entweder der permanente Nieselregen, als auch die gef\u00fchlt regelm\u00e4\u00dfigen Schauer, f\u00fcr eine st\u00e4ndige Flutung der Strecke sorgten.<\/div>\n<div dir=\"auto\">Erst ab der Mittagszeit h\u00f6rte es endlich auf zu regnen. Um ca. 14:00 Uhr war die Rennstrecke vollst\u00e4ndig abgetrocknet, was auch dem unerm\u00fcdlichem Einsatz aller Helfer geschuldet war, die immer wieder mittels Besen und Abblasger\u00e4ten der N\u00e4sse auf der Rennstrecke entgegen traten.<\/div>\n<div dir=\"auto\">Es ist sch\u00f6n immer wieder feststellen zu d\u00fcrfen, dass die Rennstrecke trotz stundenlangem Regens nach deren Abtrocknung, direkt Griff bot, wodurch jeder Fahrer seine ersten sauberen Runden drehen konnte.<\/div>\n<div dir=\"auto\"><\/div>\n<div dir=\"auto\">Um ca. 15:15 Uhr wurde die Rennstrecke durch einen heftigen Regenschauer wieder unter Wasser gesetzt. Doch die vergangenen 75 min. wurden gut genutzt, wodurch jeder auf den Rennsontag freute.<\/div>\n<div dir=\"auto\">Die schlecht Wetter Zeiten abseits der Rennstrecke wurden wie immer zum sozialen \/ technischen Austausch genutzt. Auch der Cateringbereich, in diesem Jahr neben der Familie G\u00fcnther, unterst\u00fctzt durch das Team P\u00fcpke, bot an beiden Veranstaltungstagen leckere Salate, Frikadellen, Grillgut und nat\u00fcrlich selbst gebackenen Kuchen. Vielen Dank nochmal an alle helfenden H\u00e4nde im Catering.<\/div>\n<div dir=\"auto\">Der Sonntagmorgen startete erwartungsgem\u00e4\u00df mit leichtem Dauerregen. Bei der Fahrerbesprechung nutzten Matthias und Jenny die M\u00f6glichkeit, die Fahrer und Fahrerinnen auf die Vorlaufdurchf\u00fchrung hinzuweisen.<\/div>\n<div dir=\"auto\">Ab ca. 09:00 Uhr h\u00f6rte es endlich auf zu regnen. Der mittelstarke Wind sorgte einmal mehr f\u00fcr eine schnelle Abtrocknung der Strecke, wodurch es allen Vorlaufgruppen verg\u00f6nnt war, zumindest 1-2 Qulifikationsl\u00e4ufe bei \u201efast\u201c trockenen Streckenverh\u00e4ltnissen durchzuf\u00fchren.<\/div>\n<div dir=\"auto\">Wie terminiert, \u00f6ffnete der Himmel zur Mittagszeit seine Pforten, wodurch die gesamte Rennstrecke erneut geflutet wurde. Doch bereits innerhalb der Mittagspause verschwand das stehende Wasser von der Strecke.<\/div>\n<div dir=\"auto\"><\/div>\n<div dir=\"auto\">Die beiden Rennleiter, Jenny Buss und Matthias G\u00fcnther, beschlossen, aufgrund der dynamischen\u00a0 Wetterlage, nach der Mittagspause in den jeweiligen Klassen direkt in die Endl\u00e4ufe einzusteigen, was von allen Fahrern begr\u00fc\u00dft wurde. Auch der sympathische Zeitnehmer Andreas Karenke hatte stets das Zeimanagement im Griff und informierte w\u00e4hrend der Rennen \u00fcber die jeweiligen Platzierungen.<\/div>\n<div dir=\"auto\">Da s\u00e4mtliche Wettervorhersagen keine deutlichen Verbesserung f\u00fcr die n\u00e4chsten Nachmittagsstunden prophezeiten, wurde durch die Rennleitung entschieden, dass alle Rennen \u00fcber einen Gesamtzeitraum von 20 Minuten gefahren wurden.<\/div>\n<div dir=\"auto\"><a href=\"https:\/\/dmc-online.org\/wordpress\/wp-content\/uploads\/2025\/06\/IMG-20250609-WA0011-scaled.jpg\"><img loading=\"lazy\" class=\"alignnone size-medium wp-image-22044\" src=\"https:\/\/dmc-online.org\/wordpress\/wp-content\/uploads\/2025\/06\/IMG-20250609-WA0011-300x225.jpg\" alt=\"\" width=\"300\" height=\"225\" srcset=\"https:\/\/dmc-online.com\/wordpress\/wp-content\/uploads\/2025\/06\/IMG-20250609-WA0011-300x225.jpg 300w, https:\/\/dmc-online.com\/wordpress\/wp-content\/uploads\/2025\/06\/IMG-20250609-WA0011-1024x768.jpg 1024w, https:\/\/dmc-online.com\/wordpress\/wp-content\/uploads\/2025\/06\/IMG-20250609-WA0011-768x576.jpg 768w, https:\/\/dmc-online.com\/wordpress\/wp-content\/uploads\/2025\/06\/IMG-20250609-WA0011-1536x1152.jpg 1536w, https:\/\/dmc-online.com\/wordpress\/wp-content\/uploads\/2025\/06\/IMG-20250609-WA0011-2048x1536.jpg 2048w, https:\/\/dmc-online.com\/wordpress\/wp-content\/uploads\/2025\/06\/IMG-20250609-WA0011-624x468.jpg 624w\" sizes=\"(max-width: 300px) 100vw, 300px\" \/><\/a><\/div>\n<div dir=\"auto\">\n<div dir=\"auto\">Bei der VG10 S konnte sich Jenny direkt an der Spitze festsetzen und diese bis zum Abschluss vor Guido Burghartz auf P2 verteidigen. Der RC Haltern freut sich mit Jenny \u00fcber ihren ersten Sieg bei einem Mini-Car Rennen\u2026.und dann gleich direkt den Heim Grand Prix&#x1f3c1;<\/div>\n<div dir=\"auto\">Auch toll zu erw\u00e4hnen ist der hervorragende 3. Platz von Amelie Sophie Bernhardt vom MC Dortmund in der VG10 S &#8211; wir gratulieren der jungen Nachwuchspilotin ganz herzlich<\/div>\n<div dir=\"auto\"><a href=\"https:\/\/dmc-online.org\/wordpress\/wp-content\/uploads\/2025\/06\/IMG-20250609-WA0005-scaled.jpg\"><img loading=\"lazy\" class=\"alignnone size-medium wp-image-22042\" src=\"https:\/\/dmc-online.org\/wordpress\/wp-content\/uploads\/2025\/06\/IMG-20250609-WA0005-300x135.jpg\" alt=\"\" width=\"300\" height=\"135\" srcset=\"https:\/\/dmc-online.com\/wordpress\/wp-content\/uploads\/2025\/06\/IMG-20250609-WA0005-300x135.jpg 300w, https:\/\/dmc-online.com\/wordpress\/wp-content\/uploads\/2025\/06\/IMG-20250609-WA0005-1024x461.jpg 1024w, https:\/\/dmc-online.com\/wordpress\/wp-content\/uploads\/2025\/06\/IMG-20250609-WA0005-768x346.jpg 768w, https:\/\/dmc-online.com\/wordpress\/wp-content\/uploads\/2025\/06\/IMG-20250609-WA0005-1536x691.jpg 1536w, https:\/\/dmc-online.com\/wordpress\/wp-content\/uploads\/2025\/06\/IMG-20250609-WA0005-2048x922.jpg 2048w, https:\/\/dmc-online.com\/wordpress\/wp-content\/uploads\/2025\/06\/IMG-20250609-WA0005-624x281.jpg 624w\" sizes=\"(max-width: 300px) 100vw, 300px\" \/><\/a><\/div>\n<\/div>\n<div dir=\"auto\"><\/div>\n<div dir=\"auto\">\n<div dir=\"auto\">Die VG10 gewann Roland Karduck vom RMC D\u00fcren vor Henrik Eilers und Melvin Diekmann. Wir gratulieren &#x1f3c1;!<\/div>\n<div dir=\"auto\"><a href=\"https:\/\/dmc-online.org\/wordpress\/wp-content\/uploads\/2025\/06\/IMG-20250609-WA0007-scaled.jpg\"><img loading=\"lazy\" class=\"alignnone size-medium wp-image-22043\" src=\"https:\/\/dmc-online.org\/wordpress\/wp-content\/uploads\/2025\/06\/IMG-20250609-WA0007-300x135.jpg\" alt=\"\" width=\"300\" height=\"135\" srcset=\"https:\/\/dmc-online.com\/wordpress\/wp-content\/uploads\/2025\/06\/IMG-20250609-WA0007-300x135.jpg 300w, https:\/\/dmc-online.com\/wordpress\/wp-content\/uploads\/2025\/06\/IMG-20250609-WA0007-1024x461.jpg 1024w, https:\/\/dmc-online.com\/wordpress\/wp-content\/uploads\/2025\/06\/IMG-20250609-WA0007-768x346.jpg 768w, https:\/\/dmc-online.com\/wordpress\/wp-content\/uploads\/2025\/06\/IMG-20250609-WA0007-1536x691.jpg 1536w, https:\/\/dmc-online.com\/wordpress\/wp-content\/uploads\/2025\/06\/IMG-20250609-WA0007-2048x922.jpg 2048w, https:\/\/dmc-online.com\/wordpress\/wp-content\/uploads\/2025\/06\/IMG-20250609-WA0007-624x281.jpg 624w\" sizes=\"(max-width: 300px) 100vw, 300px\" \/><\/a><\/div>\n<div dir=\"auto\">n der VG8 S ging der Weg zum Sieg nur \u00fcber den Local Matthias G\u00fcnther, der aufgrund zweier kleiner Fehler von der Spitzenposition zur\u00fcckfiel und sich von Heiko Kube mit einem 2. Platz vor Sebastian Pfeiffer arrangieren musste.<\/div>\n<div dir=\"auto\"><a href=\"https:\/\/dmc-online.org\/wordpress\/wp-content\/uploads\/2025\/06\/IMG-20250609-WA0003-scaled.jpg\"><img loading=\"lazy\" class=\"alignnone size-medium wp-image-22041\" src=\"https:\/\/dmc-online.org\/wordpress\/wp-content\/uploads\/2025\/06\/IMG-20250609-WA0003-300x135.jpg\" alt=\"\" width=\"300\" height=\"135\" srcset=\"https:\/\/dmc-online.com\/wordpress\/wp-content\/uploads\/2025\/06\/IMG-20250609-WA0003-300x135.jpg 300w, https:\/\/dmc-online.com\/wordpress\/wp-content\/uploads\/2025\/06\/IMG-20250609-WA0003-1024x461.jpg 1024w, https:\/\/dmc-online.com\/wordpress\/wp-content\/uploads\/2025\/06\/IMG-20250609-WA0003-768x346.jpg 768w, https:\/\/dmc-online.com\/wordpress\/wp-content\/uploads\/2025\/06\/IMG-20250609-WA0003-1536x691.jpg 1536w, https:\/\/dmc-online.com\/wordpress\/wp-content\/uploads\/2025\/06\/IMG-20250609-WA0003-2048x922.jpg 2048w, https:\/\/dmc-online.com\/wordpress\/wp-content\/uploads\/2025\/06\/IMG-20250609-WA0003-624x281.jpg 624w\" sizes=\"(max-width: 300px) 100vw, 300px\" \/><\/a><\/div>\n<div dir=\"auto\">n der VG8 Kl.2 konnte Jens Buss seinen 1. Platz behaupten und pilotierte seinen Serpent 990Evo \u00fcber die nasse Strecke. Trotz einiger kleinerer Fehler war seine Pace ausreichend, um das restliche hinter sich zu lassen. Wir im RCH freuen uns sehr \u00fcber den 1. Platz von Jens &#8211; f\u00fcr die Familie Buss ganz sicher ein tolles Wochenende<\/div>\n<div dir=\"auto\"><a href=\"https:\/\/dmc-online.org\/wordpress\/wp-content\/uploads\/2025\/06\/IMG-20250609-WA0001-scaled.jpg\"><img loading=\"lazy\" class=\"alignnone size-medium wp-image-22040\" src=\"https:\/\/dmc-online.org\/wordpress\/wp-content\/uploads\/2025\/06\/IMG-20250609-WA0001-300x135.jpg\" alt=\"\" width=\"300\" height=\"135\" srcset=\"https:\/\/dmc-online.com\/wordpress\/wp-content\/uploads\/2025\/06\/IMG-20250609-WA0001-300x135.jpg 300w, https:\/\/dmc-online.com\/wordpress\/wp-content\/uploads\/2025\/06\/IMG-20250609-WA0001-1024x461.jpg 1024w, https:\/\/dmc-online.com\/wordpress\/wp-content\/uploads\/2025\/06\/IMG-20250609-WA0001-768x346.jpg 768w, https:\/\/dmc-online.com\/wordpress\/wp-content\/uploads\/2025\/06\/IMG-20250609-WA0001-1536x691.jpg 1536w, https:\/\/dmc-online.com\/wordpress\/wp-content\/uploads\/2025\/06\/IMG-20250609-WA0001-2048x922.jpg 2048w, https:\/\/dmc-online.com\/wordpress\/wp-content\/uploads\/2025\/06\/IMG-20250609-WA0001-624x281.jpg 624w\" sizes=\"(max-width: 300px) 100vw, 300px\" \/><\/a><\/div>\n<div dir=\"auto\"><\/div>\n<\/div>\n<div dir=\"auto\">In der VG8 Kl. 1 konnte sich Thilo Baldes mit seinem Serpent 990 Evo vom MAC Adenau vor Luigi Pili (AMCA\/NL) und Daniel Toennessen (RMC D\u00fcren &#8211; Mugen amRX6X) durchsetzen. Das Regenauto von Thilo hinterlie\u00df einen hervorragenden Eindruck, wobei der Motor aufgrund eines defekten Druckschlauchlauchs nicht immer optimal lief.<\/div>\n<div dir=\"auto\"><a href=\"https:\/\/dmc-online.org\/wordpress\/wp-content\/uploads\/2025\/06\/IMG-20250609-WA0009-scaled.jpg\"><img loading=\"lazy\" class=\"alignnone size-medium wp-image-22045\" src=\"https:\/\/dmc-online.org\/wordpress\/wp-content\/uploads\/2025\/06\/IMG-20250609-WA0009-135x300.jpg\" alt=\"\" width=\"135\" height=\"300\" srcset=\"https:\/\/dmc-online.com\/wordpress\/wp-content\/uploads\/2025\/06\/IMG-20250609-WA0009-135x300.jpg 135w, https:\/\/dmc-online.com\/wordpress\/wp-content\/uploads\/2025\/06\/IMG-20250609-WA0009-461x1024.jpg 461w, https:\/\/dmc-online.com\/wordpress\/wp-content\/uploads\/2025\/06\/IMG-20250609-WA0009-768x1707.jpg 768w, https:\/\/dmc-online.com\/wordpress\/wp-content\/uploads\/2025\/06\/IMG-20250609-WA0009-691x1536.jpg 691w, https:\/\/dmc-online.com\/wordpress\/wp-content\/uploads\/2025\/06\/IMG-20250609-WA0009-922x2048.jpg 922w, https:\/\/dmc-online.com\/wordpress\/wp-content\/uploads\/2025\/06\/IMG-20250609-WA0009-624x1387.jpg 624w, https:\/\/dmc-online.com\/wordpress\/wp-content\/uploads\/2025\/06\/IMG-20250609-WA0009-scaled.jpg 1152w\" sizes=\"(max-width: 135px) 100vw, 135px\" \/><\/a><\/div>\n<div dir=\"auto\">\n<div dir=\"auto\">n der EG8 war es unser schneller Neuzugang Sebastian Mielke, der mit seinem Elektrofahrzeug im Ma\u00dfstab 1:8 unter Beweis stellte, dass nicht nur die Verbrenner in Haltern sehr schnell unterwegs sind. In seinem Finallauf war er leider der Einzige der an den Start ging, wodurch ihm der Gesamtsieg nat\u00fcrlich nicht zu nehmen war. Er zeigte jedoch, dass er am Rennsonntag nur schwer zu schlagen gewesen w\u00e4re und bot der Mini-Car Gemeinde eine saubere\/schnelle Runde nach der Anderen.<\/div>\n<div dir=\"auto\">Wir gratulieren Sebastian sehr herzlich zu seinem 1. Platz auf dem Lippering<\/div>\n<\/div>\n<div dir=\"auto\">\n<div dir=\"auto\"><\/div>\n<div dir=\"auto\">Alles in allem d\u00fcrfen wir uns bei allen Teilnehmern und Besuchern ganz herzlich bedanken, dass ihr trotz des schlechten Wetters erschienen seid und mit uns ein weiteres tolles Wochenende verlebt habt.<\/div>\n<div dir=\"auto\">Wir freuen uns auf das n\u00e4chste Rennen in Haltern am See.<\/div>\n<div dir=\"auto\">F\u00fcr den RC Haltern e.V.<\/div>\n<div dir=\"auto\"><\/div>\n<div dir=\"auto\">Stefan<\/div>\n<\/div>\n","protected":false},"excerpt":{"rendered":"<p>Am vergangenen Pfingstwochenende, vom 07.06.2025 bis 08.06.2025 war es endlich wieder soweit. Der RC Haltern begr\u00fc\u00dfte alle Mini-Car Piloten zum 3. Lauf der Sport Kreismeisterschaft West. Trotz der mehr als schlechten Wetterprognosen im Vorfeld des Pfingstwochenendes, lie\u00dfen es sich 45 Modellpiloten nicht nehmen, die teilweise langen Anreisen nach Haltern anzutreten. Und tats\u00e4chlich bot die geographische [&hellip;]<\/p>\n","protected":false},"author":35,"featured_media":0,"comment_status":"closed","ping_status":"open","sticky":false,"template":"","format":"standard","meta":[],"categories":[129,1,295,36,32,126,12],"tags":[],"_links":{"self":[{"href":"https:\/\/dmc-online.com\/wordpress\/wp-json\/wp\/v2\/posts\/22038"}],"collection":[{"href":"https:\/\/dmc-online.com\/wordpress\/wp-json\/wp\/v2\/posts"}],"about":[{"href":"https:\/\/dmc-online.com\/wordpress\/wp-json\/wp\/v2\/types\/post"}],"author":[{"embeddable":true,"href":"https:\/\/dmc-online.com\/wordpress\/wp-json\/wp\/v2\/users\/35"}],"replies":[{"embeddable":true,"href":"https:\/\/dmc-online.com\/wordpress\/wp-json\/wp\/v2\/comments?post=22038"}],"version-history":[{"count":1,"href":"https:\/\/dmc-online.com\/wordpress\/wp-json\/wp\/v2\/posts\/22038\/revisions"}],"predecessor-version":[{"id":22046,"href":"https:\/\/dmc-online.com\/wordpress\/wp-json\/wp\/v2\/posts\/22038\/revisions\/22046"}],"wp:attachment":[{"href":"https:\/\/dmc-online.com\/wordpress\/wp-json\/wp\/v2\/media?parent=22038"}],"wp:term":[{"taxonomy":"category","embeddable":true,"href":"https:\/\/dmc-online.com\/wordpress\/wp-json\/wp\/v2\/categories?post=22038"},{"taxonomy":"post_tag","embeddable":true,"href":"https:\/\/dmc-online.com\/wordpress\/wp-json\/wp\/v2\/tags?post=22038"}],"curies":[{"name":"wp","href":"https:\/\/api.w.org\/{rel}","templated":true}]}}