{"id":19953,"date":"2024-04-13T09:46:43","date_gmt":"2024-04-13T07:46:43","guid":{"rendered":"https:\/\/dmc-online.com\/wordpress\/?p=19953"},"modified":"2024-04-13T09:46:43","modified_gmt":"2024-04-13T07:46:43","slug":"tag-der-jugend-in-der-stadt-munster","status":"publish","type":"post","link":"https:\/\/dmc-online.com\/wordpress\/startseite\/tag-der-jugend-in-der-stadt-munster\/","title":{"rendered":"TAG der Jugend in der Stadt Munster"},"content":{"rendered":"<p>TAG der Jugend in der Stadt Munster<\/p>\n<p>Am 01.06.2024 Veranstaltet der MC.Munster e.V einen Tag der Jugend.<\/p>\n<p>Beginn 10:00-13:00\u00a0<a href=\"https:\/\/dmc-online.com\/wordpress\/referent-elektro-glattbahn\/dm-egtw-und-f1-beim-mc-munster-der-bericht\/attachment\/2023_07_07_dm_egtw_f1_mc_munster_1378\/\" rel=\"attachment wp-att-18600\"><img loading=\"lazy\" class=\"alignnone size-medium wp-image-18600\" src=\"https:\/\/dmc-online.org\/wordpress\/wp-content\/uploads\/2023\/07\/2023_07_07_DM_EGTW_F1_MC_Munster_1378-300x200.jpg\" alt=\"\" width=\"300\" height=\"200\" srcset=\"https:\/\/dmc-online.com\/wordpress\/wp-content\/uploads\/2023\/07\/2023_07_07_DM_EGTW_F1_MC_Munster_1378-300x200.jpg 300w, https:\/\/dmc-online.com\/wordpress\/wp-content\/uploads\/2023\/07\/2023_07_07_DM_EGTW_F1_MC_Munster_1378-768x512.jpg 768w, https:\/\/dmc-online.com\/wordpress\/wp-content\/uploads\/2023\/07\/2023_07_07_DM_EGTW_F1_MC_Munster_1378-624x416.jpg 624w, https:\/\/dmc-online.com\/wordpress\/wp-content\/uploads\/2023\/07\/2023_07_07_DM_EGTW_F1_MC_Munster_1378.jpg 850w\" sizes=\"(max-width: 300px) 100vw, 300px\" \/><\/a><\/p>\n<p>Vorstellung von unseren Sch\u00f6nen Hobby<\/p>\n<p>und Probefahrten f\u00fcr Interessierte.<\/p>\n<p>Ausschreibung auf der DMC-Seite unter Termine.<\/p>\n<p>Gru\u00df SKV-Heino M\u00fcller<\/p>\n","protected":false},"excerpt":{"rendered":"<p>TAG der Jugend in der Stadt Munster Am 01.06.2024 Veranstaltet der MC.Munster e.V einen Tag der Jugend. Beginn 10:00-13:00\u00a0 Vorstellung von unseren Sch\u00f6nen Hobby und Probefahrten f\u00fcr Interessierte. Ausschreibung auf der DMC-Seite unter Termine. Gru\u00df SKV-Heino M\u00fcller<\/p>\n","protected":false},"author":18,"featured_media":0,"comment_status":"closed","ping_status":"open","sticky":false,"template":"","format":"standard","meta":[],"categories":[129],"tags":[],"_links":{"self":[{"href":"https:\/\/dmc-online.com\/wordpress\/wp-json\/wp\/v2\/posts\/19953"}],"collection":[{"href":"https:\/\/dmc-online.com\/wordpress\/wp-json\/wp\/v2\/posts"}],"about":[{"href":"https:\/\/dmc-online.com\/wordpress\/wp-json\/wp\/v2\/types\/post"}],"author":[{"embeddable":true,"href":"https:\/\/dmc-online.com\/wordpress\/wp-json\/wp\/v2\/users\/18"}],"replies":[{"embeddable":true,"href":"https:\/\/dmc-online.com\/wordpress\/wp-json\/wp\/v2\/comments?post=19953"}],"version-history":[{"count":1,"href":"https:\/\/dmc-online.com\/wordpress\/wp-json\/wp\/v2\/posts\/19953\/revisions"}],"predecessor-version":[{"id":19954,"href":"https:\/\/dmc-online.com\/wordpress\/wp-json\/wp\/v2\/posts\/19953\/revisions\/19954"}],"wp:attachment":[{"href":"https:\/\/dmc-online.com\/wordpress\/wp-json\/wp\/v2\/media?parent=19953"}],"wp:term":[{"taxonomy":"category","embeddable":true,"href":"https:\/\/dmc-online.com\/wordpress\/wp-json\/wp\/v2\/categories?post=19953"},{"taxonomy":"post_tag","embeddable":true,"href":"https:\/\/dmc-online.com\/wordpress\/wp-json\/wp\/v2\/tags?post=19953"}],"curies":[{"name":"wp","href":"https:\/\/api.w.org\/{rel}","templated":true}]}}