{"id":16589,"date":"2023-05-31T22:27:53","date_gmt":"2023-05-31T20:27:53","guid":{"rendered":"https:\/\/dmc-online.com\/wordpress\/?p=16589"},"modified":"2023-05-31T23:11:44","modified_gmt":"2023-05-31T21:11:44","slug":"sk-lauf-mitte-ore-beim-mac-kenn","status":"publish","type":"post","link":"https:\/\/dmc-online.com\/wordpress\/sportkreis-mitte\/sk-lauf-mitte-ore-beim-mac-kenn\/","title":{"rendered":"SK-Lauf Mitte ORE beim MAC-Kenn"},"content":{"rendered":"<h2><span style=\"color: #0000ff\">&#8230;und wieder war Kenn<\/span><\/h2>\n<p>&nbsp;<\/p>\n<p>F\u00fcr den 21. Mai 2023 hatte der MAC-Kenn wieder zu seinem Vereins- und SK-Lauf ORE geladen. Wie bereits in den letzten Jahren versprach es erneut ein kleines, aber sch\u00f6nes Rennen auf der ber\u00fcchtigten Kenner Lehmstrecke zu werden.<\/p>\n<div id=\"attachment_16593\" style=\"width: 2010px\" class=\"wp-caption aligncenter\"><a href=\"https:\/\/dmc-online.org\/wordpress\/wp-content\/uploads\/2023\/05\/IMG-20230525-WA0004.jpg\"><img aria-describedby=\"caption-attachment-16593\" loading=\"lazy\" class=\"wp-image-16593 size-full\" src=\"https:\/\/dmc-online.org\/wordpress\/wp-content\/uploads\/2023\/05\/IMG-20230525-WA0004.jpg\" alt=\"\" width=\"2000\" height=\"900\" srcset=\"https:\/\/dmc-online.com\/wordpress\/wp-content\/uploads\/2023\/05\/IMG-20230525-WA0004.jpg 2000w, https:\/\/dmc-online.com\/wordpress\/wp-content\/uploads\/2023\/05\/IMG-20230525-WA0004-300x135.jpg 300w, https:\/\/dmc-online.com\/wordpress\/wp-content\/uploads\/2023\/05\/IMG-20230525-WA0004-1024x461.jpg 1024w, https:\/\/dmc-online.com\/wordpress\/wp-content\/uploads\/2023\/05\/IMG-20230525-WA0004-768x346.jpg 768w, https:\/\/dmc-online.com\/wordpress\/wp-content\/uploads\/2023\/05\/IMG-20230525-WA0004-1536x691.jpg 1536w, https:\/\/dmc-online.com\/wordpress\/wp-content\/uploads\/2023\/05\/IMG-20230525-WA0004-624x281.jpg 624w\" sizes=\"(max-width: 2000px) 100vw, 2000px\" \/><\/a><p id=\"caption-attachment-16593\" class=\"wp-caption-text\">Achtung Fahrer, Achtung Helfer, Start in den&#8230;<\/p><\/div>\n<p>So war denn auch das Fahrerfeld sehr \u00fcbersichtlich, 27 Nennungen gingen ein, nur ein Teil davon f\u00fcr den SK-Lauf, was zum Einen an der Lage der Strecke kurz vor der luxemburgischen Grenze lag und auch daran, dass heute nicht mehr viele Fahrer im Bereich ORE auf Lehm fahren wollen.<\/p>\n<div id=\"attachment_16595\" style=\"width: 1610px\" class=\"wp-caption aligncenter\"><a href=\"https:\/\/dmc-online.org\/wordpress\/wp-content\/uploads\/2023\/05\/IMG-20230525-WA0003.jpg\"><img aria-describedby=\"caption-attachment-16595\" loading=\"lazy\" class=\"wp-image-16595 size-full\" src=\"https:\/\/dmc-online.org\/wordpress\/wp-content\/uploads\/2023\/05\/IMG-20230525-WA0003.jpg\" alt=\"\" width=\"1600\" height=\"720\" srcset=\"https:\/\/dmc-online.com\/wordpress\/wp-content\/uploads\/2023\/05\/IMG-20230525-WA0003.jpg 1600w, https:\/\/dmc-online.com\/wordpress\/wp-content\/uploads\/2023\/05\/IMG-20230525-WA0003-300x135.jpg 300w, https:\/\/dmc-online.com\/wordpress\/wp-content\/uploads\/2023\/05\/IMG-20230525-WA0003-1024x461.jpg 1024w, https:\/\/dmc-online.com\/wordpress\/wp-content\/uploads\/2023\/05\/IMG-20230525-WA0003-768x346.jpg 768w, https:\/\/dmc-online.com\/wordpress\/wp-content\/uploads\/2023\/05\/IMG-20230525-WA0003-1536x691.jpg 1536w, https:\/\/dmc-online.com\/wordpress\/wp-content\/uploads\/2023\/05\/IMG-20230525-WA0003-624x281.jpg 624w\" sizes=\"(max-width: 1600px) 100vw, 1600px\" \/><\/a><p id=\"caption-attachment-16595\" class=\"wp-caption-text\">eine kleine aber feine Rennstrecke.<\/p><\/div>\n<p>Bei strahlendem Wetter konnten die Fahrer an den Start gehen. Die Strecke war super pr\u00e4pariert<br \/>\nso bot die Strecke f\u00fcr Kenn-Kenner zu Beginn bereits \u00fcberraschend viel Grip.<\/p>\n<p>Und so stand, wie oft in Kenn, nicht der harte Wettkampf, sondern auch der Fahrspa\u00df im Vordergrund. Das hei\u00dft aber nicht, dass hart aber fair um die Positionen gek\u00e4mpft wurde.<\/p>\n<div id=\"attachment_16596\" style=\"width: 336px\" class=\"wp-caption alignnone\"><a href=\"https:\/\/youtu.be\/L32uTLLAxIA\"><img aria-describedby=\"caption-attachment-16596\" loading=\"lazy\" class=\"wp-image-16596 \" src=\"https:\/\/dmc-online.org\/wordpress\/wp-content\/uploads\/2023\/05\/Videolink.png\" alt=\"\" width=\"326\" height=\"188\" \/><\/a><p id=\"caption-attachment-16596\" class=\"wp-caption-text\">Kurzes Video von &#8222;Blacky&#8220; Danke daf\u00fcr<\/p><\/div>\n<p>Die Rennleitung wurde kompetent von Michael Oster \u00fcbernommen, kein Auto durfte zu breit oder zu leicht befunden werden, &#8222;getunte&#8220; Akkus erhielten keine Chance.<\/p>\n<div id=\"attachment_16594\" style=\"width: 1610px\" class=\"wp-caption aligncenter\"><a href=\"https:\/\/dmc-online.org\/wordpress\/wp-content\/uploads\/2023\/05\/IMG-20230525-WA0002.jpg\"><img aria-describedby=\"caption-attachment-16594\" loading=\"lazy\" class=\"wp-image-16594 size-full\" src=\"https:\/\/dmc-online.org\/wordpress\/wp-content\/uploads\/2023\/05\/IMG-20230525-WA0002.jpg\" alt=\"\" width=\"1600\" height=\"720\" srcset=\"https:\/\/dmc-online.com\/wordpress\/wp-content\/uploads\/2023\/05\/IMG-20230525-WA0002.jpg 1600w, https:\/\/dmc-online.com\/wordpress\/wp-content\/uploads\/2023\/05\/IMG-20230525-WA0002-300x135.jpg 300w, https:\/\/dmc-online.com\/wordpress\/wp-content\/uploads\/2023\/05\/IMG-20230525-WA0002-1024x461.jpg 1024w, https:\/\/dmc-online.com\/wordpress\/wp-content\/uploads\/2023\/05\/IMG-20230525-WA0002-768x346.jpg 768w, https:\/\/dmc-online.com\/wordpress\/wp-content\/uploads\/2023\/05\/IMG-20230525-WA0002-1536x691.jpg 1536w, https:\/\/dmc-online.com\/wordpress\/wp-content\/uploads\/2023\/05\/IMG-20230525-WA0002-624x281.jpg 624w\" sizes=\"(max-width: 1600px) 100vw, 1600px\" \/><\/a><p id=\"caption-attachment-16594\" class=\"wp-caption-text\">\u00dcberdachtes Fahrerlager, im Vordergrund Rennleiter Michael Oster<\/p><\/div>\n<p>Eine sehr sch\u00f6ne Veranstaltung mit leider viel zu wenigen Teilnehmern.<\/p>\n<p>Jochem H. Carle<\/p>\n","protected":false},"excerpt":{"rendered":"<p>&#8230;und wieder war Kenn &nbsp; F\u00fcr den 21. Mai 2023 hatte der MAC-Kenn wieder zu seinem Vereins- und SK-Lauf ORE geladen. Wie bereits in den letzten Jahren versprach es erneut ein kleines, aber sch\u00f6nes Rennen auf der ber\u00fcchtigten Kenner Lehmstrecke zu werden. So war denn auch das Fahrerfeld sehr \u00fcbersichtlich, 27 Nennungen gingen ein, nur [&hellip;]<\/p>\n","protected":false},"author":17,"featured_media":0,"comment_status":"closed","ping_status":"open","sticky":false,"template":"","format":"standard","meta":[],"categories":[129,289,291,22,16,124,10],"tags":[],"_links":{"self":[{"href":"https:\/\/dmc-online.com\/wordpress\/wp-json\/wp\/v2\/posts\/16589"}],"collection":[{"href":"https:\/\/dmc-online.com\/wordpress\/wp-json\/wp\/v2\/posts"}],"about":[{"href":"https:\/\/dmc-online.com\/wordpress\/wp-json\/wp\/v2\/types\/post"}],"author":[{"embeddable":true,"href":"https:\/\/dmc-online.com\/wordpress\/wp-json\/wp\/v2\/users\/17"}],"replies":[{"embeddable":true,"href":"https:\/\/dmc-online.com\/wordpress\/wp-json\/wp\/v2\/comments?post=16589"}],"version-history":[{"count":10,"href":"https:\/\/dmc-online.com\/wordpress\/wp-json\/wp\/v2\/posts\/16589\/revisions"}],"predecessor-version":[{"id":16604,"href":"https:\/\/dmc-online.com\/wordpress\/wp-json\/wp\/v2\/posts\/16589\/revisions\/16604"}],"wp:attachment":[{"href":"https:\/\/dmc-online.com\/wordpress\/wp-json\/wp\/v2\/media?parent=16589"}],"wp:term":[{"taxonomy":"category","embeddable":true,"href":"https:\/\/dmc-online.com\/wordpress\/wp-json\/wp\/v2\/categories?post=16589"},{"taxonomy":"post_tag","embeddable":true,"href":"https:\/\/dmc-online.com\/wordpress\/wp-json\/wp\/v2\/tags?post=16589"}],"curies":[{"name":"wp","href":"https:\/\/api.w.org\/{rel}","templated":true}]}}