{"id":15248,"date":"2022-10-25T20:53:43","date_gmt":"2022-10-25T18:53:43","guid":{"rendered":"https:\/\/dmc-online.com\/wordpress\/?p=15248"},"modified":"2022-10-25T20:53:43","modified_gmt":"2022-10-25T18:53:43","slug":"50-jahre-dmc-tag-der-offenen-tuer-beim-rmc-wolfsburg","status":"publish","type":"post","link":"https:\/\/dmc-online.com\/wordpress\/startseite\/50-jahre-dmc-tag-der-offenen-tuer-beim-rmc-wolfsburg\/","title":{"rendered":"50 Jahre DMC \u201eTag der offenen T\u00fcr\u201c Beim RMC Wolfsburg."},"content":{"rendered":"<p>&nbsp;<\/p>\n<div class=\"textLayer\"><span dir=\"ltr\" role=\"presentation\">50 Jahre DMC \u201eTag der offenen T\u00fcr\u201c<\/span><br role=\"presentation\" \/><span dir=\"ltr\" role=\"presentation\">im Rahmen eines Freundschaftsrennens<\/span><br role=\"presentation\" \/><span dir=\"ltr\" role=\"presentation\">des RMC Wolfsburg e.v.<\/span><\/div>\n<div><\/div>\n<div class=\"textLayer\"><a href=\"https:\/\/dmc-online.com\/wordpress\/startseite\/50-jahre-dmc-tag-der-offenen-tuer-beim-rmc-wolfsburg\/attachment\/sam_1412\/\" rel=\"attachment wp-att-15250\"><img loading=\"lazy\" class=\"alignnone size-medium wp-image-15250\" src=\"https:\/\/dmc-online.org\/wordpress\/wp-content\/uploads\/2022\/10\/SAM_1412-300x225.jpg\" alt=\"\" width=\"300\" height=\"225\" srcset=\"https:\/\/dmc-online.com\/wordpress\/wp-content\/uploads\/2022\/10\/SAM_1412-300x225.jpg 300w, https:\/\/dmc-online.com\/wordpress\/wp-content\/uploads\/2022\/10\/SAM_1412-1024x768.jpg 1024w, https:\/\/dmc-online.com\/wordpress\/wp-content\/uploads\/2022\/10\/SAM_1412-768x576.jpg 768w, https:\/\/dmc-online.com\/wordpress\/wp-content\/uploads\/2022\/10\/SAM_1412-1536x1152.jpg 1536w, https:\/\/dmc-online.com\/wordpress\/wp-content\/uploads\/2022\/10\/SAM_1412-2048x1536.jpg 2048w, https:\/\/dmc-online.com\/wordpress\/wp-content\/uploads\/2022\/10\/SAM_1412-624x468.jpg 624w\" sizes=\"(max-width: 300px) 100vw, 300px\" \/><\/a><\/div>\n<div><\/div>\n<div class=\"textLayer\"><span dir=\"ltr\" role=\"presentation\">Unter dem Motto \u201e50 Jahre DMC\u201c hatte der<\/span> <span dir=\"ltr\" role=\"presentation\">RMC Wolfsburg e.v. zu einem Tag der offenen T\u00fcr und<\/span><br role=\"presentation\" \/><span dir=\"ltr\" role=\"presentation\">einem Freundschaftsrennen f\u00fcr<\/span> <span dir=\"ltr\" role=\"presentation\">ferngesteuerte Buggys der Klassen OR8 und ORE8 eingeladen.<\/span><br role=\"presentation\" \/><span dir=\"ltr\" role=\"presentation\">Im Vorfeld wurde \u00fcber die lokale Presse, Aush\u00e4nge und soziale Medien kr\u00e4ftig die Werbetrommel<\/span><br role=\"presentation\" \/><span dir=\"ltr\" role=\"presentation\">ger\u00fchrt und alle gro\u00dfen und kleinen Nachwuchsracer und Quereinsteiger zum Tag der offenen T\u00fcr<\/span><br role=\"presentation\" \/><span dir=\"ltr\" role=\"presentation\">eingeladen.<\/span><br role=\"presentation\" \/><span dir=\"ltr\" role=\"presentation\">Dank der gelockerten Hygieneauflagen konnten die G\u00e4ste und Teilnehmer bei bestem Herbst<\/span><br role=\"presentation\" \/><span dir=\"ltr\" role=\"presentation\">Wetter ein tolles Rennwochenende erleben.<\/span><br role=\"presentation\" \/><span dir=\"ltr\" role=\"presentation\">Unter dem eigens daf\u00fcr aufgestellten DMC-Infopavillon konnten am Samstag von 10-16 Uhr die<\/span><br role=\"presentation\" \/><span dir=\"ltr\" role=\"presentation\">Fragen der G\u00e4ste ausgiebig beantwortet werden. Die ausgestellten Buggys fanden gro\u00dfes Interesse<\/span><br role=\"presentation\" \/><span dir=\"ltr\" role=\"presentation\">und erm\u00f6glichten detaillierte Erkl\u00e4rungen. Die freundlicherweise vom DMC kostenlos zur Verf\u00fcgung<\/span><br role=\"presentation\" \/><span dir=\"ltr\" role=\"presentation\">gestellten Flyer, Aufkleber und Magnetsch\u00fcsseln erfreuten sich gro\u00dfer Beliebtheit.<\/span><br role=\"presentation\" \/><span dir=\"ltr\" role=\"presentation\">Vielen G\u00e4sten war als Parkplatzfahrern die Vielfalt des RC-Sports und die Organisation in einem<\/span><br role=\"presentation\" \/><span dir=\"ltr\" role=\"presentation\">Dachverband nicht bewusst.<\/span><br role=\"presentation\" \/><span dir=\"ltr\" role=\"presentation\">In der Mittagspause konnten die kleinen Nachwuchspiloten ihr K\u00f6nnen auf der<\/span> <span dir=\"ltr\" role=\"presentation\">Strecke<\/span><br role=\"presentation\" \/><span dir=\"ltr\" role=\"presentation\">ausprobieren.<\/span><br role=\"presentation\" \/><span dir=\"ltr\" role=\"presentation\">Unterst\u00fctzt von zwei Streckenposten des RMC Wolfsburg e.v., hatten sie viel Spa\u00df beim<\/span><br role=\"presentation\" \/><span dir=\"ltr\" role=\"presentation\">\u00dcberwinden<\/span> <span dir=\"ltr\" role=\"presentation\">der Sprungkombinationen und des Fahrens auf unterschiedlichen Streckenbel\u00e4gen.<\/span><br role=\"presentation\" \/><span dir=\"ltr\" role=\"presentation\">Dabei haben sie<\/span> <span dir=\"ltr\" role=\"presentation\">erfahren, dass es nicht so einfach ist, eine 3m breite Strecke immer sicher zu<\/span><br role=\"presentation\" \/><span dir=\"ltr\" role=\"presentation\">treffen.<\/span><br role=\"presentation\" \/><span dir=\"ltr\" role=\"presentation\">Im Laufe des Tages bestaunten viele G\u00e4ste die spektakul\u00e4re Fahrweise der Rennteilnehmer, wie sie<\/span><br role=\"presentation\" \/><span dir=\"ltr\" role=\"presentation\">scheinbar m\u00fchelos die verschiedenen Streckenabschnitte w\u00e4hrend des Trainings bew\u00e4ltigen.<\/span><br role=\"presentation\" \/><span dir=\"ltr\" role=\"presentation\">Am Sonntag fanden die Vorl\u00e4ufe und die Finale des Freundschaftsrennens statt. Dabei wurde unter<\/span><br role=\"presentation\" \/><span dir=\"ltr\" role=\"presentation\">stetig steigender Anspannung um die besten Zeiten gek\u00e4mpft. Um 16.00 Uhr ging die gelungene<\/span><br role=\"presentation\" \/><span dir=\"ltr\" role=\"presentation\">Veranstaltung mit der Siegerehrung zu Ende.<\/span><br role=\"presentation\" \/><span dir=\"ltr\" role=\"presentation\">Ein ganz gro\u00dfes Dankesch\u00f6n geb\u00fchrt unserem Imbissteam<\/span> <span dir=\"ltr\" role=\"presentation\">(Fabian Meyer)<\/span><span dir=\"ltr\" role=\"presentation\">, welches \u00fcber das<\/span><br role=\"presentation\" \/><span dir=\"ltr\" role=\"presentation\">gesamte Wochenende<\/span> <span dir=\"ltr\" role=\"presentation\">hinweg gutgelaunt f\u00fcr das leibliche Wohl der G\u00e4ste und Rennteilnehmer<\/span><br role=\"presentation\" \/><span dir=\"ltr\" role=\"presentation\">sorgte.<\/span><br role=\"presentation\" \/><span dir=\"ltr\" role=\"presentation\">Das leckere Angebot lie\u00df keine W\u00fcnsche offen und reichte vom Fr\u00fchst\u00fcck ,<\/span> <span dir=\"ltr\" role=\"presentation\">\u00fcber gegrilltes zum<\/span><br role=\"presentation\" \/><span dir=\"ltr\" role=\"presentation\">Mittag, bis zu Kaffee und<\/span> <span dir=\"ltr\" role=\"presentation\">Kuchen am Nachmittag.<\/span><br role=\"presentation\" \/><span dir=\"ltr\" role=\"presentation\">Ein eben so gro\u00dfes Dankesch\u00f6n geb\u00fchrt den Vereinsmitgliedern und deren Familien, die uns durch<\/span><br role=\"presentation\" \/><span dir=\"ltr\" role=\"presentation\">zahlreiche Kuchenspenden, sowie ein ganz<\/span> <span dir=\"ltr\" role=\"presentation\">Gro\u00dfes danke an den Braunschweiger Verein die uns<\/span><br role=\"presentation\" \/><span dir=\"ltr\" role=\"presentation\">im vorfeld geholfen haben.<\/span><\/div>\n<div class=\"textLayer\"><a href=\"https:\/\/dmc-online.com\/wordpress\/startseite\/50-jahre-dmc-tag-der-offenen-tuer-beim-rmc-wolfsburg\/attachment\/sam_1410\/\" rel=\"attachment wp-att-15251\"><img loading=\"lazy\" class=\"alignnone size-medium wp-image-15251\" src=\"https:\/\/dmc-online.org\/wordpress\/wp-content\/uploads\/2022\/10\/SAM_1410-300x225.jpg\" alt=\"\" width=\"300\" height=\"225\" srcset=\"https:\/\/dmc-online.com\/wordpress\/wp-content\/uploads\/2022\/10\/SAM_1410-300x225.jpg 300w, https:\/\/dmc-online.com\/wordpress\/wp-content\/uploads\/2022\/10\/SAM_1410-1024x768.jpg 1024w, https:\/\/dmc-online.com\/wordpress\/wp-content\/uploads\/2022\/10\/SAM_1410-768x576.jpg 768w, https:\/\/dmc-online.com\/wordpress\/wp-content\/uploads\/2022\/10\/SAM_1410-1536x1152.jpg 1536w, https:\/\/dmc-online.com\/wordpress\/wp-content\/uploads\/2022\/10\/SAM_1410-2048x1536.jpg 2048w, https:\/\/dmc-online.com\/wordpress\/wp-content\/uploads\/2022\/10\/SAM_1410-624x468.jpg 624w\" sizes=\"(max-width: 300px) 100vw, 300px\" \/><\/a><br role=\"presentation\" \/><span dir=\"ltr\" role=\"presentation\">OR<\/span><span dir=\"ltr\" role=\"presentation\">8:<\/span><br role=\"presentation\" \/><span dir=\"ltr\" role=\"presentation\">1. Platz: Sebastian Gerstenberg<\/span> <span dir=\"ltr\" role=\"presentation\">MSC Pol.Braunschweig<\/span><br role=\"presentation\" \/><span dir=\"ltr\" role=\"presentation\">2. Platz: Olaf Wilkens<\/span> <span dir=\"ltr\" role=\"presentation\">MSC Pol.Braunschweig<\/span><br role=\"presentation\" \/><span dir=\"ltr\" role=\"presentation\">3. Platz : Richard Blache<\/span> <span dir=\"ltr\" role=\"presentation\">MSC Pol.Braunschweig<\/span><br role=\"presentation\" \/><span dir=\"ltr\" role=\"presentation\">Bester Jugendlicher: Leider Keiner<\/span><br role=\"presentation\" \/><span dir=\"ltr\" role=\"presentation\">ORE8:<\/span><br role=\"presentation\" \/><span dir=\"ltr\" role=\"presentation\">1. Platz : Jonas Donner<\/span> <span dir=\"ltr\" role=\"presentation\">MRC Sondershausen<\/span><br role=\"presentation\" \/><span dir=\"ltr\" role=\"presentation\">2. Platz : Ralf Dzrzawa<\/span> <span dir=\"ltr\" role=\"presentation\">MC Minden<\/span><br role=\"presentation\" \/><span dir=\"ltr\" role=\"presentation\">3. Platz : Rolf Eckardt<\/span> <span dir=\"ltr\" role=\"presentation\">RCC-Salzgitter<\/span><span dir=\"ltr\" role=\"presentation\">\/Mehrum<\/span><\/div>\n","protected":false},"excerpt":{"rendered":"<p>&nbsp; 50 Jahre DMC \u201eTag der offenen T\u00fcr\u201cim Rahmen eines Freundschaftsrennensdes RMC Wolfsburg e.v. Unter dem Motto \u201e50 Jahre DMC\u201c hatte der RMC Wolfsburg e.v. zu einem Tag der offenen T\u00fcr undeinem Freundschaftsrennen f\u00fcr ferngesteuerte Buggys der Klassen OR8 und ORE8 eingeladen.Im Vorfeld wurde \u00fcber die lokale Presse, Aush\u00e4nge und soziale Medien kr\u00e4ftig die Werbetrommelger\u00fchrt [&hellip;]<\/p>\n","protected":false},"author":18,"featured_media":0,"comment_status":"closed","ping_status":"open","sticky":false,"template":"","format":"standard","meta":[],"categories":[129,294],"tags":[],"_links":{"self":[{"href":"https:\/\/dmc-online.com\/wordpress\/wp-json\/wp\/v2\/posts\/15248"}],"collection":[{"href":"https:\/\/dmc-online.com\/wordpress\/wp-json\/wp\/v2\/posts"}],"about":[{"href":"https:\/\/dmc-online.com\/wordpress\/wp-json\/wp\/v2\/types\/post"}],"author":[{"embeddable":true,"href":"https:\/\/dmc-online.com\/wordpress\/wp-json\/wp\/v2\/users\/18"}],"replies":[{"embeddable":true,"href":"https:\/\/dmc-online.com\/wordpress\/wp-json\/wp\/v2\/comments?post=15248"}],"version-history":[{"count":2,"href":"https:\/\/dmc-online.com\/wordpress\/wp-json\/wp\/v2\/posts\/15248\/revisions"}],"predecessor-version":[{"id":15254,"href":"https:\/\/dmc-online.com\/wordpress\/wp-json\/wp\/v2\/posts\/15248\/revisions\/15254"}],"wp:attachment":[{"href":"https:\/\/dmc-online.com\/wordpress\/wp-json\/wp\/v2\/media?parent=15248"}],"wp:term":[{"taxonomy":"category","embeddable":true,"href":"https:\/\/dmc-online.com\/wordpress\/wp-json\/wp\/v2\/categories?post=15248"},{"taxonomy":"post_tag","embeddable":true,"href":"https:\/\/dmc-online.com\/wordpress\/wp-json\/wp\/v2\/tags?post=15248"}],"curies":[{"name":"wp","href":"https:\/\/api.w.org\/{rel}","templated":true}]}}