{"id":14468,"date":"2022-09-27T15:48:22","date_gmt":"2022-09-27T13:48:22","guid":{"rendered":"https:\/\/dmc-online.com\/wordpress\/?p=14468"},"modified":"2022-09-27T15:50:36","modified_gmt":"2022-09-27T13:50:36","slug":"dm-qualifikationslauf-mcv-daenischer-wohld-e-v-plus-50-jahre-dmc","status":"publish","type":"post","link":"https:\/\/dmc-online.com\/wordpress\/sportkreis-nord\/dm-qualifikationslauf-mcv-daenischer-wohld-e-v-plus-50-jahre-dmc\/","title":{"rendered":"DM-Qualifikationslauf MCV D\u00e4nischer Wohld e. V. Plus 50 Jahre DMC"},"content":{"rendered":"<p>&nbsp;<\/p>\n<p><span id=\"page3R_mcid2\" class=\"markedContent\"><span dir=\"ltr\" role=\"presentation\">MCV D\u00e4nischer Wohld e. V.<\/span> <span dir=\"ltr\" role=\"presentation\">T\u00fcttendorf<\/span><span dir=\"ltr\" role=\"presentation\">, den<\/span> <span dir=\"ltr\" role=\"presentation\">12<\/span><span dir=\"ltr\" role=\"presentation\">.<\/span><span dir=\"ltr\" role=\"presentation\">06<\/span><span dir=\"ltr\" role=\"presentation\">.<\/span><span dir=\"ltr\" role=\"presentation\">2022<\/span><\/span><span id=\"page3R_mcid3\" class=\"markedContent\"><\/span><span id=\"page3R_mcid4\" class=\"markedContent\"><br role=\"presentation\" \/><span dir=\"ltr\" role=\"presentation\">Rennbericht<\/span><\/span><\/p>\n<p><span id=\"page3R_mcid5\" class=\"markedContent\"><\/span><span id=\"page3R_mcid6\" class=\"markedContent\"> <a href=\"https:\/\/dmc-online.com\/wordpress\/startseite\/dm-qualifikationslauf-mcv-daenischer-wohld-e-v-plus-50-jahre-dmc\/attachment\/img-20220926-wa0015\/\" rel=\"attachment wp-att-14473\"><img loading=\"lazy\" class=\"alignnone size-medium wp-image-14473\" src=\"https:\/\/dmc-online.org\/wordpress\/wp-content\/uploads\/2022\/09\/IMG-20220926-WA0015-300x225.jpg\" alt=\"\" width=\"300\" height=\"225\" srcset=\"https:\/\/dmc-online.com\/wordpress\/wp-content\/uploads\/2022\/09\/IMG-20220926-WA0015-300x225.jpg 300w, https:\/\/dmc-online.com\/wordpress\/wp-content\/uploads\/2022\/09\/IMG-20220926-WA0015-768x576.jpg 768w, https:\/\/dmc-online.com\/wordpress\/wp-content\/uploads\/2022\/09\/IMG-20220926-WA0015-624x468.jpg 624w, https:\/\/dmc-online.com\/wordpress\/wp-content\/uploads\/2022\/09\/IMG-20220926-WA0015.jpg 1024w\" sizes=\"(max-width: 300px) 100vw, 300px\" \/><\/a><a href=\"https:\/\/dmc-online.com\/wordpress\/startseite\/dm-qualifikationslauf-mcv-daenischer-wohld-e-v-plus-50-jahre-dmc\/attachment\/dmc_50jahre_effekt-1\/\" rel=\"attachment wp-att-14470\"><img loading=\"lazy\" class=\"alignnone size-medium wp-image-14470\" src=\"https:\/\/dmc-online.org\/wordpress\/wp-content\/uploads\/2022\/09\/DMC_50jahre_Effekt-1-300x189.png\" alt=\"\" width=\"300\" height=\"189\" srcset=\"https:\/\/dmc-online.com\/wordpress\/wp-content\/uploads\/2022\/09\/DMC_50jahre_Effekt-1-300x189.png 300w, https:\/\/dmc-online.com\/wordpress\/wp-content\/uploads\/2022\/09\/DMC_50jahre_Effekt-1.png 413w\" sizes=\"(max-width: 300px) 100vw, 300px\" \/><\/a> <br role=\"presentation\" \/><span dir=\"ltr\" role=\"presentation\">Der Warlebergring<\/span> <span dir=\"ltr\" role=\"presentation\">erwartete vom 1<\/span><span dir=\"ltr\" role=\"presentation\">0<\/span><span dir=\"ltr\" role=\"presentation\">. bis 12.0<\/span><span dir=\"ltr\" role=\"presentation\">6<\/span><span dir=\"ltr\" role=\"presentation\">.22 seine G\u00e4ste zum DM<\/span><span dir=\"ltr\" role=\"presentation\">&#8211;<\/span><span dir=\"ltr\" role=\"presentation\">Qualifikationslauf. Geladen waren<\/span><br role=\"presentation\" \/><span dir=\"ltr\" role=\"presentation\">Piloten der Klassen EG8e, EG8GT3, EGTWMO, EGTWSP, EGTWHO und EGTWFR zu einem \u201ereinen\u201c SK<\/span><span dir=\"ltr\" role=\"presentation\">&#8211;<\/span><span dir=\"ltr\" role=\"presentation\">Lauf.<\/span><br role=\"presentation\" \/><span dir=\"ltr\" role=\"presentation\">Nur Verein und DMC, keine Verbindung zu einem Markenpokal, so war diesmal de<\/span><span dir=\"ltr\" role=\"presentation\">r Plan.<\/span><\/span><span id=\"page3R_mcid7\" class=\"markedContent\"><\/span><span id=\"page3R_mcid8\" class=\"markedContent\"><br role=\"presentation\" \/><span dir=\"ltr\" role=\"presentation\">Das ganze stand unter dem Motto<\/span> <span dir=\"ltr\" role=\"presentation\">50 Jahre DMC<\/span><span dir=\"ltr\" role=\"presentation\">, der auch dieses Jahr sein Jubil\u00e4um feierte.<\/span><\/span><span id=\"page3R_mcid9\" class=\"markedContent\"><\/span><span id=\"page3R_mcid10\" class=\"markedContent\"><\/span><span id=\"page3R_mcid11\" class=\"markedContent\"><\/span><span id=\"page3R_mcid12\" class=\"markedContent\"><br role=\"presentation\" \/><span dir=\"ltr\" role=\"presentation\">Die Bedingungen waren perfekt.<\/span> <span dir=\"ltr\" role=\"presentation\">Angenehme Temperaturen, Camping, die Presse war informiert, auf dem<\/span><br role=\"presentation\" \/><span dir=\"ltr\" role=\"presentation\">Grill schmurgelten die W\u00fcrstchen, und auch der Grip i<\/span><span dir=\"ltr\" role=\"presentation\">st vorbeigekommen.<\/span><\/span><span id=\"page3R_mcid13\" class=\"markedContent\"><br role=\"presentation\" \/><span dir=\"ltr\" role=\"presentation\">Leider musste Modified und Stock mangels Teilnehmern gestrichen werden, und das Fronti<\/span><span dir=\"ltr\" role=\"presentation\">&#8211;<\/span><span dir=\"ltr\" role=\"presentation\">Fahrerfeld quoll<\/span><br role=\"presentation\" \/><span dir=\"ltr\" role=\"presentation\">auch nicht gerade \u00fcber. Offensichtlich tat das dem Spa\u00df nur wenig Abbruch, doch die geringe Beteiligung<\/span><br role=\"presentation\" \/><span dir=\"ltr\" role=\"presentation\">war in diesen Klassen<\/span> <span dir=\"ltr\" role=\"presentation\">verwunderlich.<\/span> <span dir=\"ltr\" role=\"presentation\">In kleinen Workshops lernten die Jugendlichen Ihr RC<\/span><span dir=\"ltr\" role=\"presentation\">&#8211;<\/span><span dir=\"ltr\" role=\"presentation\">Car noch etwas<\/span><br role=\"presentation\" \/><span dir=\"ltr\" role=\"presentation\">besser auf die Strecke einzustellen. Gerade die neuen Jugendlichen im Verein haben sehr viel gelernt und<\/span><br role=\"presentation\" \/><span dir=\"ltr\" role=\"presentation\">Renn<\/span><span dir=\"ltr\" role=\"presentation\">a<\/span><span dir=\"ltr\" role=\"presentation\">tmosph\u00e4re<\/span> <span dir=\"ltr\" role=\"presentation\">schnuppern k\u00f6nnen.<\/span><\/span><\/p>\n<p><a href=\"https:\/\/dmc-online.com\/wordpress\/startseite\/dm-qualifikationslauf-mcv-daenischer-wohld-e-v-plus-50-jahre-dmc\/attachment\/img-20220926-wa0014\/\" rel=\"attachment wp-att-14474\"><img loading=\"lazy\" class=\"alignnone size-medium wp-image-14474\" src=\"https:\/\/dmc-online.org\/wordpress\/wp-content\/uploads\/2022\/09\/IMG-20220926-WA0014-225x300.jpg\" alt=\"\" width=\"225\" height=\"300\" srcset=\"https:\/\/dmc-online.com\/wordpress\/wp-content\/uploads\/2022\/09\/IMG-20220926-WA0014-225x300.jpg 225w, https:\/\/dmc-online.com\/wordpress\/wp-content\/uploads\/2022\/09\/IMG-20220926-WA0014-624x832.jpg 624w, https:\/\/dmc-online.com\/wordpress\/wp-content\/uploads\/2022\/09\/IMG-20220926-WA0014.jpg 768w\" sizes=\"(max-width: 225px) 100vw, 225px\" \/><\/a><\/p>\n<p><span id=\"page19R_mcid0\" class=\"markedContent\"><span dir=\"ltr\" role=\"presentation\">Gro\u00dfe Hoffnungen werden in die K<\/span><span dir=\"ltr\" role=\"presentation\">lasse EG8e gesetzt und es deutete sich wachsendes Interesse an die<\/span><br role=\"presentation\" \/><span dir=\"ltr\" role=\"presentation\">unglaublichen Elektrokurvengeschwindigkeiten an. Christian aus Hamburg war zum ersten Mal zu Besuch in<\/span><br role=\"presentation\" \/><span dir=\"ltr\" role=\"presentation\">T\u00fcttendorf, und so wurde bis zum bitteren Ende durchgezogen. Wortw\u00f6rtlich. Eine Runden<\/span><span dir=\"ltr\" role=\"presentation\">zeit von 12,8 s<\/span><br role=\"presentation\" \/><span dir=\"ltr\" role=\"presentation\">hat er auf den Asphalt gebrannt<\/span> <span dir=\"ltr\" role=\"presentation\">\u2013<\/span> <span dir=\"ltr\" role=\"presentation\">gewaltig. Und so war auch der Einschlag, der \u00fcber die gesamte Anlage zu<\/span><br role=\"presentation\" \/><span dir=\"ltr\" role=\"presentation\">h\u00f6ren war und den Renntag f\u00fcr Ihn vorzeitig beendete.<\/span><\/span><span id=\"page19R_mcid1\" class=\"markedContent\"><br role=\"presentation\" \/><span dir=\"ltr\" role=\"presentation\">Trotzdem: Das wird nicht sein letzter Ausflug zum Warlebergring gewesen sein.<\/span><\/span><span id=\"page19R_mcid2\" class=\"markedContent\"><\/span><span id=\"page19R_mcid3\" class=\"markedContent\"><\/span><span id=\"page19R_mcid4\" class=\"markedContent\"><\/span><span id=\"page19R_mcid5\" class=\"markedContent\"><br role=\"presentation\" \/><span dir=\"ltr\" role=\"presentation\">Mehr Fahrer waren in der EG<\/span><span dir=\"ltr\" role=\"presentation\">&#8211;<\/span><span dir=\"ltr\" role=\"presentation\">Hobby<\/span><span dir=\"ltr\" role=\"presentation\">&#8211;<\/span><span dir=\"ltr\" role=\"presentation\">Klasse am Start. Besonders erfreulich: Ein<\/span> <span dir=\"ltr\" role=\"presentation\">jugendlicher<\/span> <span dir=\"ltr\" role=\"presentation\">Fahrer, der vor<\/span><br role=\"presentation\" \/><span dir=\"ltr\" role=\"presentation\">kurzem mit dem Tamiya<\/span><span dir=\"ltr\" role=\"presentation\">&#8211;<\/span><span dir=\"ltr\" role=\"presentation\">Cup zu Gast in T\u00fcttendorf war, hat auch bei dieser Veranstaltung sein Gl\u00fcck<\/span><br role=\"presentation\" \/><span dir=\"ltr\" role=\"presentation\">versucht. Trotz eingegipster Hand, trotz<\/span> <span dir=\"ltr\" role=\"presentation\">kurzfris<\/span><span dir=\"ltr\" role=\"presentation\">tig<\/span> <span dir=\"ltr\" role=\"presentation\">weggebrochener Unterst\u00fctzung hat Jens<\/span><span dir=\"ltr\" role=\"presentation\">&#8211;<\/span><span dir=\"ltr\" role=\"presentation\">Johann sich<\/span><br role=\"presentation\" \/><span dir=\"ltr\" role=\"presentation\">durch das Rennen gek\u00e4mpft und ist nur ganz, ganz knapp am Ende des Feldes ins Ziel gegangen. Hut ab vor<\/span><br role=\"presentation\" \/><span dir=\"ltr\" role=\"presentation\">diesem Enthusiasmus!<\/span><\/span><\/p>\n<p><a href=\"https:\/\/dmc-online.com\/wordpress\/startseite\/dm-qualifikationslauf-mcv-daenischer-wohld-e-v-plus-50-jahre-dmc\/attachment\/dsc_0976\/\" rel=\"attachment wp-att-14471\"><img loading=\"lazy\" class=\"alignnone size-medium wp-image-14471\" src=\"https:\/\/dmc-online.org\/wordpress\/wp-content\/uploads\/2022\/09\/DSC_0976-300x200.jpg\" alt=\"\" width=\"300\" height=\"200\" srcset=\"https:\/\/dmc-online.com\/wordpress\/wp-content\/uploads\/2022\/09\/DSC_0976-300x200.jpg 300w, https:\/\/dmc-online.com\/wordpress\/wp-content\/uploads\/2022\/09\/DSC_0976-1024x681.jpg 1024w, https:\/\/dmc-online.com\/wordpress\/wp-content\/uploads\/2022\/09\/DSC_0976-768x511.jpg 768w, https:\/\/dmc-online.com\/wordpress\/wp-content\/uploads\/2022\/09\/DSC_0976-1536x1022.jpg 1536w, https:\/\/dmc-online.com\/wordpress\/wp-content\/uploads\/2022\/09\/DSC_0976-624x415.jpg 624w, https:\/\/dmc-online.com\/wordpress\/wp-content\/uploads\/2022\/09\/DSC_0976.jpg 1775w\" sizes=\"(max-width: 300px) 100vw, 300px\" \/><\/a><\/p>\n<p><span id=\"page23R_mcid0\" class=\"markedContent\"><\/span><span id=\"page23R_mcid1\" class=\"markedContent\"><span dir=\"ltr\" role=\"presentation\">Favorit auf den Tagessieg war Jens. In den Vorl\u00e4ufen drei Mal als erster<\/span> <span dir=\"ltr\" role=\"presentation\">durchs Ziel gegangen, zwei Mal<\/span><br role=\"presentation\" \/><span dir=\"ltr\" role=\"presentation\">davon mit einer Runde mehr als der Zweitplatzierte, musste er aber in den Finall\u00e4ufen erkennen, dass man<\/span><br role=\"presentation\" \/><span dir=\"ltr\" role=\"presentation\">keine Fehler machen darf, wenn man Sven hinter sich lassen will. Da Sven im letzten Finale fr\u00fch ausschied<\/span><br role=\"presentation\" \/><span dir=\"ltr\" role=\"presentation\">und Knuth mal<\/span> <span dir=\"ltr\" role=\"presentation\">wieder Nerven wie Drahtseile hatte, musste sich Jens am Ende gar mit dem dritten Platz<\/span><br role=\"presentation\" \/><span dir=\"ltr\" role=\"presentation\">zufrieden geben.<\/span><\/span><span id=\"page23R_mcid2\" class=\"markedContent\"><\/span><span id=\"page23R_mcid3\" class=\"markedContent\"><br role=\"presentation\" \/><span dir=\"ltr\" role=\"presentation\">Das gr\u00f6\u00dfte Fahrerfeld wurde wieder einmal von den GTlern<\/span> <span dir=\"ltr\" role=\"presentation\">gestellt. Hier gingen 10 Fahrer an den Start, und<\/span><br role=\"presentation\" \/><span dir=\"ltr\" role=\"presentation\">auch hier k\u00e4mpfte ein Junior um die besten Pl\u00e4tze.<\/span><\/span><span id=\"page23R_mcid4\" class=\"markedContent\"><br role=\"presentation\" \/><span dir=\"ltr\" role=\"presentation\">Gelegentlich sieht man da noch ein besorgtes Gesicht, doch dieses wird sich mit Sicherheit bald aufhellen. Zu<\/span><br role=\"presentation\" \/><span dir=\"ltr\" role=\"presentation\">genau trifft Maurice n\u00e4mlich schon die Linie<\/span> <span dir=\"ltr\" role=\"presentation\">auch in den anspruchsvollsten Passagen und so war es keine<\/span><br role=\"presentation\" \/><span dir=\"ltr\" role=\"presentation\">\u00dcberraschung, dass er im letzten Finallauf F\u00fchrungsluft schnuppern konnte. Alle haben mitgefiebert,<\/span><br role=\"presentation\" \/><span dir=\"ltr\" role=\"presentation\">gehofft, dass er den knappen Vorsprung ins Ziel retten kann. Doch die Nerven flatterten, Jens ko<\/span><span dir=\"ltr\" role=\"presentation\">nnte sich<\/span><br role=\"presentation\" \/><span dir=\"ltr\" role=\"presentation\">gerade noch vorbeischieben und das B<\/span><span dir=\"ltr\" role=\"presentation\">&#8211;<\/span><span dir=\"ltr\" role=\"presentation\">Finale gewinne<\/span><\/span><\/p>\n<p><a href=\"https:\/\/dmc-online.com\/wordpress\/startseite\/dm-qualifikationslauf-mcv-daenischer-wohld-e-v-plus-50-jahre-dmc\/attachment\/img-20220926-wa0013\/\" rel=\"attachment wp-att-14472\"><img loading=\"lazy\" class=\"alignnone size-medium wp-image-14472\" src=\"https:\/\/dmc-online.org\/wordpress\/wp-content\/uploads\/2022\/09\/IMG-20220926-WA0013-300x190.jpg\" alt=\"\" width=\"300\" height=\"190\" srcset=\"https:\/\/dmc-online.com\/wordpress\/wp-content\/uploads\/2022\/09\/IMG-20220926-WA0013-300x190.jpg 300w, https:\/\/dmc-online.com\/wordpress\/wp-content\/uploads\/2022\/09\/IMG-20220926-WA0013-768x485.jpg 768w, https:\/\/dmc-online.com\/wordpress\/wp-content\/uploads\/2022\/09\/IMG-20220926-WA0013-624x394.jpg 624w, https:\/\/dmc-online.com\/wordpress\/wp-content\/uploads\/2022\/09\/IMG-20220926-WA0013.jpg 1024w\" sizes=\"(max-width: 300px) 100vw, 300px\" \/><\/a><\/p>\n<p><span id=\"page27R_mcid0\" class=\"markedContent\"><\/span><span id=\"page27R_mcid1\" class=\"markedContent\"><\/span><span id=\"page27R_mcid2\" class=\"markedContent\"><span dir=\"ltr\" role=\"presentation\">Im A<\/span><span dir=\"ltr\" role=\"presentation\">&#8211;<\/span><span dir=\"ltr\" role=\"presentation\">Finale auf der Pole<\/span><span dir=\"ltr\" role=\"presentation\">&#8211;<\/span><span dir=\"ltr\" role=\"presentation\">Position und auf dem obersten<\/span><br role=\"presentation\" \/><span dir=\"ltr\" role=\"presentation\">Podiumsplatz keine \u00dcberraschungen. Bj\u00f6rn ist weiterhin nicht<\/span><br role=\"presentation\" \/><span dir=\"ltr\" role=\"presentation\">zu schlagen und lieferte drei ungef\u00e4hrdete Start<\/span><span dir=\"ltr\" role=\"presentation\">&#8211;<\/span><span dir=\"ltr\" role=\"presentation\">Ziel<\/span><span dir=\"ltr\" role=\"presentation\">&#8211;<\/span><span dir=\"ltr\" role=\"presentation\">Siege ab.<\/span><br role=\"presentation\" \/><span dir=\"ltr\" role=\"presentation\">Dahinter aber wurde hart gek\u00e4mpft. Fabian konnte in den<\/span><br role=\"presentation\" \/><span dir=\"ltr\" role=\"presentation\">Vorl\u00e4ufen \u00fcberzeugen und sicherte sich den zweiten<\/span><br role=\"presentation\" \/><span dir=\"ltr\" role=\"presentation\">Startplatz. Im Finale aber wendete sich das Blatt. Stets konnte<\/span><br role=\"presentation\" \/><span dir=\"ltr\" role=\"presentation\">Jan vorbeiziehen und ihm den zweiten Platz abluchsen. In<\/span><br role=\"presentation\" \/><span dir=\"ltr\" role=\"presentation\">manch einer Situation wurde<\/span> <span dir=\"ltr\" role=\"presentation\">gar der Abstand zu Bj\u00f6rn kleiner,<\/span><br role=\"presentation\" \/><span dir=\"ltr\" role=\"presentation\">lediglich dessen Konstanz sicherte ihm den Tagessieg. Ein<\/span><br role=\"presentation\" \/><span dir=\"ltr\" role=\"presentation\">Dreikampf entbrannte um die verbleibenden Pl\u00e4tze. Thorsten<\/span><br role=\"presentation\" \/><span dir=\"ltr\" role=\"presentation\">gab alles und wurde mit dem vierten Platz vor Marcel und<\/span><br role=\"presentation\" \/><span dir=\"ltr\" role=\"presentation\">Stefan belohnt.<\/span><\/span><span id=\"page27R_mcid3\" class=\"markedContent\"><\/span><span id=\"undefined\" class=\"markedContent\"><\/span><span id=\"page27R_mcid4\" class=\"markedContent\"><\/span><span id=\"page27R_mcid5\" class=\"markedContent\"><\/span><span id=\"page27R_mcid6\" class=\"markedContent\"><\/span><span id=\"page27R_mcid7\" class=\"markedContent\"><br role=\"presentation\" \/><span dir=\"ltr\" role=\"presentation\">Die Ergebnisse<\/span> <span dir=\"ltr\" role=\"presentation\">dieses herrlichen Renntages:<\/span><\/span><span id=\"page27R_mcid8\" class=\"markedContent\"><\/span><span id=\"page27R_mcid9\" class=\"markedContent\"><br role=\"presentation\" \/><span dir=\"ltr\" role=\"presentation\">EGTWR<\/span><\/span><span id=\"page27R_mcid10\" class=\"markedContent\"><br role=\"presentation\" \/><span dir=\"ltr\" role=\"presentation\">1. Frank Von Wachtmeister<\/span><\/span><span id=\"page27R_mcid11\" class=\"markedContent\"><\/span><span id=\"page27R_mcid12\" class=\"markedContent\"><br role=\"presentation\" \/><span dir=\"ltr\" role=\"presentation\">EGTWHO<\/span><\/span><span id=\"page27R_mcid13\" class=\"markedContent\"><br role=\"presentation\" \/><span dir=\"ltr\" role=\"presentation\">1. Sven Amling<\/span><\/span><span id=\"page27R_mcid14\" class=\"markedContent\"><br role=\"presentation\" \/><span dir=\"ltr\" role=\"presentation\">2. Knuth Meier<\/span><\/span><span id=\"page27R_mcid15\" class=\"markedContent\"><br role=\"presentation\" \/><span dir=\"ltr\" role=\"presentation\">3. Jens Petersen<\/span><\/span><span id=\"page27R_mcid16\" class=\"markedContent\"><br role=\"presentation\" \/><span dir=\"ltr\" role=\"presentation\">4. Thorben Ewert<\/span><\/span><span id=\"page27R_mcid17\" class=\"markedContent\"><br role=\"presentation\" \/><span dir=\"ltr\" role=\"presentation\">5. Wolfgang Kruse<\/span><\/span><span id=\"page27R_mcid18\" class=\"markedContent\"><br role=\"presentation\" \/><span dir=\"ltr\" role=\"presentation\">7. Jens Johann van Yperen<\/span><\/span><span id=\"page27R_mcid19\" class=\"markedContent\"><\/span><span id=\"page27R_mcid20\" class=\"markedContent\"><br role=\"presentation\" \/><span dir=\"ltr\" role=\"presentation\">EG8e<\/span><\/span><span id=\"page27R_mcid21\" class=\"markedContent\"><br role=\"presentation\" \/><span dir=\"ltr\" role=\"presentation\">1. Christian Schl\u00f6sser<\/span><\/span><span id=\"page27R_mcid22\" class=\"markedContent\"><br role=\"presentation\" \/><span dir=\"ltr\" role=\"presentation\">EG8GT3<\/span><\/span><span id=\"page27R_mcid23\" class=\"markedContent\"><br role=\"presentation\" \/><span dir=\"ltr\" role=\"presentation\">1. Bj\u00f6rn Christiansen<\/span><\/span><span id=\"page27R_mcid24\" class=\"markedContent\"><br role=\"presentation\" \/><span dir=\"ltr\" role=\"presentation\">2. Jan<\/span> <span dir=\"ltr\" role=\"presentation\">M\u00f6hlmann<\/span><\/span><span id=\"page27R_mcid25\" class=\"markedContent\"><br role=\"presentation\" \/><span dir=\"ltr\" role=\"presentation\">3. Fabian Junge<\/span><\/span><span id=\"page27R_mcid26\" class=\"markedContent\"><br role=\"presentation\" \/><span dir=\"ltr\" role=\"presentation\">4. Thorsten D\u00fcring<\/span><\/span><span id=\"page27R_mcid27\" class=\"markedContent\"><br role=\"presentation\" \/><span dir=\"ltr\" role=\"presentation\">5. Marcel N. Thom\u00e4<\/span><\/span><span id=\"page27R_mcid28\" class=\"markedContent\"><br role=\"presentation\" \/><span dir=\"ltr\" role=\"presentation\">6. Stefan Koenecke<\/span><\/span><span id=\"page27R_mcid29\" class=\"markedContent\"><br role=\"presentation\" \/><span dir=\"ltr\" role=\"presentation\">7. Jens Petersen<\/span><\/span><span id=\"page27R_mcid30\" class=\"markedContent\"><br role=\"presentation\" \/><span dir=\"ltr\" role=\"presentation\">8. Mathias K\u00fchl<\/span><\/span><span id=\"page27R_mcid31\" class=\"markedContent\"><br role=\"presentation\" \/><span dir=\"ltr\" role=\"presentation\">9. Maurice Hennig<\/span><\/span><span id=\"page27R_mcid32\" class=\"markedContent\"><br role=\"presentation\" \/><span dir=\"ltr\" role=\"presentation\">10. Florian Hennig<\/span><\/span><\/p>\n","protected":false},"excerpt":{"rendered":"<p>&nbsp; MCV D\u00e4nischer Wohld e. V. T\u00fcttendorf, den 12.06.2022Rennbericht Der Warlebergring erwartete vom 10. bis 12.06.22 seine G\u00e4ste zum DM&#8211;Qualifikationslauf. Geladen warenPiloten der Klassen EG8e, EG8GT3, EGTWMO, EGTWSP, EGTWHO und EGTWFR zu einem \u201ereinen\u201c SK&#8211;Lauf.Nur Verein und DMC, keine Verbindung zu einem Markenpokal, so war diesmal der Plan.Das ganze stand unter dem Motto 50 Jahre [&hellip;]<\/p>\n","protected":false},"author":18,"featured_media":0,"comment_status":"closed","ping_status":"open","sticky":false,"template":"","format":"standard","meta":[],"categories":[129,11],"tags":[],"_links":{"self":[{"href":"https:\/\/dmc-online.com\/wordpress\/wp-json\/wp\/v2\/posts\/14468"}],"collection":[{"href":"https:\/\/dmc-online.com\/wordpress\/wp-json\/wp\/v2\/posts"}],"about":[{"href":"https:\/\/dmc-online.com\/wordpress\/wp-json\/wp\/v2\/types\/post"}],"author":[{"embeddable":true,"href":"https:\/\/dmc-online.com\/wordpress\/wp-json\/wp\/v2\/users\/18"}],"replies":[{"embeddable":true,"href":"https:\/\/dmc-online.com\/wordpress\/wp-json\/wp\/v2\/comments?post=14468"}],"version-history":[{"count":4,"href":"https:\/\/dmc-online.com\/wordpress\/wp-json\/wp\/v2\/posts\/14468\/revisions"}],"predecessor-version":[{"id":14477,"href":"https:\/\/dmc-online.com\/wordpress\/wp-json\/wp\/v2\/posts\/14468\/revisions\/14477"}],"wp:attachment":[{"href":"https:\/\/dmc-online.com\/wordpress\/wp-json\/wp\/v2\/media?parent=14468"}],"wp:term":[{"taxonomy":"category","embeddable":true,"href":"https:\/\/dmc-online.com\/wordpress\/wp-json\/wp\/v2\/categories?post=14468"},{"taxonomy":"post_tag","embeddable":true,"href":"https:\/\/dmc-online.com\/wordpress\/wp-json\/wp\/v2\/tags?post=14468"}],"curies":[{"name":"wp","href":"https:\/\/api.w.org\/{rel}","templated":true}]}}